{"id":5776,"date":"2025-05-14T16:01:24","date_gmt":"2025-05-14T14:01:24","guid":{"rendered":"https:\/\/www.segurosaegon.com\/canalmediadores\/?p=5776"},"modified":"2025-05-21T11:43:21","modified_gmt":"2025-05-21T09:43:21","slug":"la-mitad-de-los-consumidores-considera-que-el-ramo-de-vida-riesgo-crecera-en-el-medio-y-largo-plazo","status":"publish","type":"post","link":"https:\/\/www.segurosaegon.com\/canalmediadores\/2025\/05\/14\/la-mitad-de-los-consumidores-considera-que-el-ramo-de-vida-riesgo-crecera-en-el-medio-y-largo-plazo\/","title":{"rendered":"La mitad de los consumidores considera que el ramo de vida-riesgo crecer\u00e1 en el medio y largo plazo"},"content":{"rendered":"\n<ul class=\"wp-block-list\">\n<li class=\"has-custom-warm-black-color has-text-color has-link-color has-forever-forma-heading-font-family wp-elements-2818fdc3e03b5107351ed86993eeb6e3\" style=\"margin-top:0px;margin-bottom:0px;padding-top:0px;padding-bottom:15px;font-size:clamp(14px, 0.875rem + ((1vw - 3.2px) * 0.682), 20px);font-style:normal;font-weight:400;line-height:1.2\">Los corredores son optimistas con la evoluci\u00f3n de su negocio, ya que tres de cada cuatro profesionales considera que aumentar\u00e1n las contrataciones de p\u00f3lizas de vida-riesgo.<\/li>\n\n\n\n<li class=\"has-custom-warm-black-color has-text-color has-link-color has-forever-forma-heading-font-family wp-elements-af161ceeaf5aac0659ea35b427739ccd\" style=\"font-size:clamp(14px, 0.875rem + ((1vw - 3.2px) * 0.682), 20px);font-style:normal;font-weight:400;line-height:1.2\">El principal reto que enfrenta este ramo es la situaci\u00f3n econ\u00f3mica y la p\u00e9rdida de poder adquisitivo, como indican tanto clientes como la red mediada.<\/li>\n<\/ul>\n\n\n\n<p class=\"has-custom-warm-black-color has-text-color has-link-color has-forever-forma-body-text-font-family wp-elements-f8b975762a466796df0af6bb9aa5c9fd\" style=\"padding-top:20px;font-size:clamp(14px, 0.875rem + ((1vw - 3.2px) * 0.341), 17px);line-height:1.2\">Al trasladar la pregunta sobre las perspectivas de la evoluci\u00f3n del ramo de vida-riesgo, la mitad de ellos considera que el n\u00famero de asegurados crecer\u00e1 en el medio y largo plazo. As\u00ed lo indican uno de cada dos clientes del sector asegurador encuestados seg\u00fan el \u201c<em>II Informe del Corredor de Seguros en Espa\u00f1a: perspectivas, digitalizaci\u00f3n y retos<\/em>\u201d de <em>Aegon<\/em>.<\/p>\n\n\n\n<p class=\"has-custom-warm-black-color has-text-color has-link-color has-forever-forma-body-text-font-family wp-elements-b8e6d60d5cee85e1291690bd3aa4c6d4\" style=\"font-size:clamp(14px, 0.875rem + ((1vw - 3.2px) * 0.341), 17px);line-height:1.2\">En concreto, el 50,3% de los consumidores consideran que este ramo evolucionar\u00e1 de manera positiva en un horizonte temporal pr\u00f3ximo. Si desgranamos dichas respuestas afirmativas, un 17,3% de los consumidores apunta que ser\u00e1 uno de los ramos que m\u00e1s crezcan, mientras que un tercio de los encuestados indica que aumentar\u00e1n las contrataciones, pero se mantendr\u00e1 en niveles similares a los actuales. Por el contrario, un 33,5% de los consumidores finales creen que no ser\u00e1 un seguro con un incremento destacado en el n\u00famero de asegurados.<\/p>\n\n\n\n<p class=\"has-custom-warm-black-color has-text-color has-link-color has-forever-forma-body-text-font-family wp-elements-f7fa16fbc5e79d71a7b7378aca42ce0c\" style=\"font-size:clamp(14px, 0.875rem + ((1vw - 3.2px) * 0.341), 17px);line-height:1.2\">De manera adicional, los consumidores aseguran que la tranquilidad que proporciona que la familia est\u00e9 protegida es el principal motivo que impulsa la contrataci\u00f3n de este tipo de seguros. En esta l\u00ednea, la segunda raz\u00f3n con mayor peso que justificar\u00eda la contrataci\u00f3n de una p\u00f3liza de este ramo es el tener resueltos posibles problemas financieros en caso de fallecimiento, afirma cerca de un cuarto de los clientes que han participado en el estudio. Contar con recursos en caso de invalidez es la siguiente opci\u00f3n, se\u00f1alada por el 8,5% de los encuestados.<\/p>\n\n\n\n<figure class=\"wp-block-image aligncenter size-full\"><img loading=\"lazy\" decoding=\"async\" width=\"886\" height=\"327\" src=\"https:\/\/www.segurosaegon.com\/canalmediadores\/wp-content\/uploads\/sites\/40\/2025\/05\/grafico_motivos_contratacion_seguro_vida-riesgo.avif\" alt=\"\" class=\"wp-image-5830\" srcset=\"https:\/\/www.segurosaegon.com\/canalmediadores\/wp-content\/uploads\/sites\/40\/2025\/05\/grafico_motivos_contratacion_seguro_vida-riesgo.avif 886w, https:\/\/www.segurosaegon.com\/canalmediadores\/wp-content\/uploads\/sites\/40\/2025\/05\/grafico_motivos_contratacion_seguro_vida-riesgo-300x111.avif 300w, https:\/\/www.segurosaegon.com\/canalmediadores\/wp-content\/uploads\/sites\/40\/2025\/05\/grafico_motivos_contratacion_seguro_vida-riesgo-768x283.avif 768w\" sizes=\"auto, (max-width: 886px) 100vw, 886px\" \/><\/figure>\n\n\n\n<p class=\"has-custom-warm-black-color has-text-color has-link-color has-forever-forma-body-text-font-family wp-elements-f91d476975418c0a061123a31e803e2b\" style=\"font-size:clamp(14px, 0.875rem + ((1vw - 3.2px) * 0.341), 17px);line-height:1.2\">En cuanto a los retos a los que se enfrenta el segmento de vida-riesgo, cerca del 40% de los consumidores apunta a que ser\u00e1 la situaci\u00f3n econ\u00f3mica y la p\u00e9rdida de poder adquisitivo como el mayor desaf\u00edo.<\/p>\n\n\n\n<h2 class=\"wp-block-heading has-custom-warm-black-color has-text-color has-link-color has-forever-forma-heading-font-family wp-elements-d5f1e19a96d28e2df57c60d7f190d55f\" style=\"padding-top:20px;font-size:clamp(16.293px, 1.018rem + ((1vw - 3.2px) * 0.989), 25px);font-style:normal;font-weight:700\">Los mediadores, m\u00e1s optimistas con la evoluci\u00f3n del negocio<\/h2>\n\n\n\n<p class=\"has-custom-warm-black-color has-text-color has-link-color has-forever-forma-body-text-font-family wp-elements-b22087aaf91b2ad489a59f2446a0813f\" style=\"margin-top:0px;padding-top:10px;font-size:clamp(14px, 0.875rem + ((1vw - 3.2px) * 0.341), 17px);line-height:1.2\">Encuestados sobre las perspectivas de evoluci\u00f3n de su actividad, tres de cada cuatro corredores que trabajan en el ramo de vida-riesgo pronostica que su negocio crecer\u00e1 en los pr\u00f3ximos a\u00f1os. En concreto, m\u00e1s de un 26% considera que se incrementar\u00e1 de forma notable, mientras que casi un 50% apunta a que lo har\u00e1 de manera moderada.<\/p>\n\n\n\n<figure class=\"wp-block-image aligncenter size-full\"><img loading=\"lazy\" decoding=\"async\" width=\"713\" height=\"361\" src=\"https:\/\/www.segurosaegon.com\/canalmediadores\/wp-content\/uploads\/sites\/40\/2025\/05\/grafico_negocio_vida-riesgo_crecimiento.avif\" alt=\"\" class=\"wp-image-5840\" srcset=\"https:\/\/www.segurosaegon.com\/canalmediadores\/wp-content\/uploads\/sites\/40\/2025\/05\/grafico_negocio_vida-riesgo_crecimiento.avif 713w, https:\/\/www.segurosaegon.com\/canalmediadores\/wp-content\/uploads\/sites\/40\/2025\/05\/grafico_negocio_vida-riesgo_crecimiento-300x152.avif 300w\" sizes=\"auto, (max-width: 713px) 100vw, 713px\" \/><\/figure>\n\n\n\n<p class=\"has-custom-warm-black-color has-text-color has-link-color has-forever-forma-body-text-font-family wp-elements-e5895a326788367634a8b1d6e91a7f0d\" style=\"margin-top:0px;padding-top:10px;font-size:clamp(14px, 0.875rem + ((1vw - 3.2px) * 0.341), 17px);line-height:1.2\">Por otra parte, los mediadores coinciden con los consumidores al se\u00f1alar la situaci\u00f3n econ\u00f3mica y la p\u00e9rdida de poder adquisitivo como el mayor desaf\u00edo (54,7% de los profesionales). El segundo mayor reto para tres de cada diez mediadores es la entrada de nuevos competidores, capaces de hacer una selecci\u00f3n de riesgos m\u00e1s exhaustiva o basada en herramientas digitales.<\/p>\n\n\n\n<h2 class=\"wp-block-heading has-custom-warm-black-color has-text-color has-link-color has-forever-forma-heading-font-family wp-elements-0e25b6a1968b015206293844a5bb857e\" style=\"padding-top:20px;font-size:clamp(16.293px, 1.018rem + ((1vw - 3.2px) * 0.989), 25px);font-style:normal;font-weight:700\">Vida- riesgo, pilar esencial en Aegon<\/h2>\n\n\n\n<p class=\"has-custom-warm-black-color has-text-color has-link-color has-forever-forma-body-text-font-family wp-elements-c20014fc5340bca9d1d567eb9538d44f\" style=\"margin-top:0px;padding-top:10px;font-size:clamp(14px, 0.875rem + ((1vw - 3.2px) * 0.341), 17px);line-height:1.2\">A d\u00eda de hoy y desde hace varios a\u00f1os, el ramo vida-riesgo es uno de los principales ejes de la actividad de la aseguradora que ya dispone de m\u00e1s de un mill\u00f3n y medio de p\u00f3lizas. <em>Aegon<\/em> ofrece un paquete asistencial de los m\u00e1s completos del mercado, con coberturas de vanguardia para c\u00e1ncer y prevenci\u00f3n cardiovascular; as\u00ed como otras enfocadas en la la creaci\u00f3n de un testamento notarial online, asesoramiento jur\u00eddico, gesti\u00f3n de la huella digital tras deceso, segunda opini\u00f3n m\u00e9dica internacional, etc.<\/p>\n\n\n\n<p class=\"has-custom-warm-black-color has-text-color has-link-color has-forever-forma-body-text-font-family wp-elements-837a46c61b0b45f14f906d1df774445b\" style=\"font-size:clamp(14px, 0.875rem + ((1vw - 3.2px) * 0.341), 17px);line-height:1.2\">Por todo ello, la compa\u00f1\u00eda ha sido reconocida una vez m\u00e1s como el seguro con la mejor atenci\u00f3n al cliente del a\u00f1o. Con ello ya suma hasta ocho premios a la atenci\u00f3n al cliente en los \u00faltimos cinco a\u00f1os para sus productos de salud y vida.<\/p>\n\n\n\n<h2 class=\"wp-block-heading has-custom-warm-black-color has-text-color has-link-color has-forever-forma-heading-font-family wp-elements-21fd06e257eb7a12d07ef3ec18432e32\" style=\"padding-top:20px;font-size:clamp(16.293px, 1.018rem + ((1vw - 3.2px) * 0.989), 25px);font-style:normal;font-weight:700\">Metodolog\u00eda del estudio<\/h2>\n\n\n\n<p class=\"has-custom-warm-black-color has-text-color has-link-color has-forever-forma-body-text-font-family wp-elements-50561e274118e861d51106d88fecea3f\" style=\"margin-top:0px;padding-top:10px;font-size:clamp(14px, 0.875rem + ((1vw - 3.2px) * 0.341), 17px);line-height:1.2\">El estudio se ha realizado sobre una muestra de 350 corredores y corredur\u00edas registrados en la Direcci\u00f3n General de Seguros y Fondos de Pensiones. Los datos se han obtenido con un panel online y entrevistas telef\u00f3nicas asistidas por ordenador, elaboradas entre abril y mayo de 2024. La muestra es representativa de las corredur\u00edas espa\u00f1olas respecto a criterios de edad, tama\u00f1o de la corredur\u00eda, tama\u00f1o de poblaci\u00f3n y zona geogr\u00e1fica.<\/p>\n\n\n\n<p class=\"has-custom-warm-black-color has-text-color has-link-color has-forever-forma-body-text-font-family wp-elements-1186375592d084b55048829171f54cf8\" style=\"font-size:clamp(14px, 0.875rem + ((1vw - 3.2px) * 0.341), 17px);line-height:1.2\">Asimismo, respecto al an\u00e1lisis enfocado desde la perspectiva de la sociedad, se ha realizado sobre una muestra de 400 personas, estad\u00edsticamente representativa de la sociedad espa\u00f1ola, con un nivel de confianza superior al 95%, respecto a criterios de edad, g\u00e9nero y zona geogr\u00e1fica.<\/p>\n\n\n\n<p class=\"has-custom-warm-black-color has-text-color has-link-color has-forever-forma-body-text-font-family wp-elements-d77c6e2542ada17a46303f0d5f3e22f4\" style=\"font-size:clamp(14px, 0.875rem + ((1vw - 3.2px) * 0.341), 17px);line-height:1.2\">Adem\u00e1s, con el objetivo de obtener una respuesta \u00f3ptima sobre el conocimiento de la labor de la mediaci\u00f3n, toda la muestra tiene conocimiento exacto de qu\u00e9 es un corredor y la mitad cuenta con un seguro privado contratado a trav\u00e9s de una corredur\u00eda.<\/p>\n","protected":false},"excerpt":{"rendered":"<p>Uno de cada dos espa\u00f1oles contrata este tipo de seguros para tener la tranquilidad de que su familia est\u00e1 protegida, como se extrae de la segunda edici\u00f3n del estudio sobre la percepci\u00f3n de la mediaci\u00f3n elaborado por Aegon.<\/p>\n","protected":false},"author":0,"featured_media":5860,"comment_status":"closed","ping_status":"closed","sticky":false,"template":"","format":"standard","meta":{"footnotes":""},"categories":[1],"tags":[],"class_list":["post-5776","post","type-post","status-publish","format-standard","has-post-thumbnail","hentry","category-sin-categoria"],"yoast_head":"<!-- This site is optimized with the Yoast SEO plugin v27.4 - https:\/\/yoast.com\/product\/yoast-seo-wordpress\/ -->\n<title>La mitad de los consumidores considera que el ramo de vida-riesgo crecer\u00e1 en el medio y largo plazo - Canal Mediadores - Aegon Seguros de Vida y Salud<\/title>\n<meta name=\"robots\" content=\"index, follow, max-snippet:-1, max-image-preview:large, max-video-preview:-1\" \/>\n<link rel=\"canonical\" href=\"https:\/\/www.segurosaegon.com\/canalmediadores\/2025\/05\/14\/la-mitad-de-los-consumidores-considera-que-el-ramo-de-vida-riesgo-crecera-en-el-medio-y-largo-plazo\/\" \/>\n<meta property=\"og:locale\" content=\"es_ES\" \/>\n<meta property=\"og:type\" content=\"article\" \/>\n<meta property=\"og:title\" content=\"La mitad de los consumidores considera que el ramo de vida-riesgo crecer\u00e1 en el medio y largo plazo - Canal Mediadores - Aegon Seguros de Vida y Salud\" \/>\n<meta property=\"og:description\" content=\"Uno de cada dos espa\u00f1oles contrata este tipo de seguros para tener la tranquilidad de que su familia est\u00e1 protegida, como se extrae de la segunda edici\u00f3n del estudio sobre la percepci\u00f3n de la mediaci\u00f3n elaborado por Aegon.\" \/>\n<meta property=\"og:url\" content=\"https:\/\/www.segurosaegon.com\/canalmediadores\/2025\/05\/14\/la-mitad-de-los-consumidores-considera-que-el-ramo-de-vida-riesgo-crecera-en-el-medio-y-largo-plazo\/\" \/>\n<meta property=\"og:site_name\" content=\"Canal Mediadores - Aegon Seguros de Vida y Salud\" \/>\n<meta property=\"article:published_time\" content=\"2025-05-14T14:01:24+00:00\" \/>\n<meta property=\"article:modified_time\" content=\"2025-05-21T09:43:21+00:00\" \/>\n<meta name=\"twitter:card\" content=\"summary_large_image\" \/>\n<meta name=\"twitter:label1\" content=\"Tiempo de lectura\" \/>\n\t<meta name=\"twitter:data1\" content=\"4 minutos\" \/>\n<script type=\"application\/ld+json\" class=\"yoast-schema-graph\">{\"@context\":\"https:\\\/\\\/schema.org\",\"@graph\":[{\"@type\":\"Article\",\"@id\":\"https:\\\/\\\/www.segurosaegon.com\\\/canalmediadores\\\/2025\\\/05\\\/14\\\/la-mitad-de-los-consumidores-considera-que-el-ramo-de-vida-riesgo-crecera-en-el-medio-y-largo-plazo\\\/#article\",\"isPartOf\":{\"@id\":\"https:\\\/\\\/www.segurosaegon.com\\\/canalmediadores\\\/2025\\\/05\\\/14\\\/la-mitad-de-los-consumidores-considera-que-el-ramo-de-vida-riesgo-crecera-en-el-medio-y-largo-plazo\\\/\"},\"author\":{\"name\":\"\",\"@id\":\"\"},\"headline\":\"La mitad de los consumidores considera que el ramo de vida-riesgo crecer\u00e1 en el medio y largo plazo\",\"datePublished\":\"2025-05-14T14:01:24+00:00\",\"dateModified\":\"2025-05-21T09:43:21+00:00\",\"mainEntityOfPage\":{\"@id\":\"https:\\\/\\\/www.segurosaegon.com\\\/canalmediadores\\\/2025\\\/05\\\/14\\\/la-mitad-de-los-consumidores-considera-que-el-ramo-de-vida-riesgo-crecera-en-el-medio-y-largo-plazo\\\/\"},\"wordCount\":824,\"publisher\":{\"@id\":\"https:\\\/\\\/www.segurosaegon.com\\\/canalmediadores\\\/#organization\"},\"image\":{\"@id\":\"https:\\\/\\\/www.segurosaegon.com\\\/canalmediadores\\\/2025\\\/05\\\/14\\\/la-mitad-de-los-consumidores-considera-que-el-ramo-de-vida-riesgo-crecera-en-el-medio-y-largo-plazo\\\/#primaryimage\"},\"thumbnailUrl\":\"https:\\\/\\\/www.segurosaegon.com\\\/canalmediadores\\\/wp-content\\\/uploads\\\/sites\\\/40\\\/2025\\\/05\\\/negocio_vida-riesgo_crecimiento2.avif\",\"inLanguage\":\"es\"},{\"@type\":\"WebPage\",\"@id\":\"https:\\\/\\\/www.segurosaegon.com\\\/canalmediadores\\\/2025\\\/05\\\/14\\\/la-mitad-de-los-consumidores-considera-que-el-ramo-de-vida-riesgo-crecera-en-el-medio-y-largo-plazo\\\/\",\"url\":\"https:\\\/\\\/www.segurosaegon.com\\\/canalmediadores\\\/2025\\\/05\\\/14\\\/la-mitad-de-los-consumidores-considera-que-el-ramo-de-vida-riesgo-crecera-en-el-medio-y-largo-plazo\\\/\",\"name\":\"La mitad de los consumidores considera que el ramo de vida-riesgo crecer\u00e1 en el medio y largo plazo - Canal Mediadores - Aegon Seguros de Vida y Salud\",\"isPartOf\":{\"@id\":\"https:\\\/\\\/www.segurosaegon.com\\\/canalmediadores\\\/#website\"},\"primaryImageOfPage\":{\"@id\":\"https:\\\/\\\/www.segurosaegon.com\\\/canalmediadores\\\/2025\\\/05\\\/14\\\/la-mitad-de-los-consumidores-considera-que-el-ramo-de-vida-riesgo-crecera-en-el-medio-y-largo-plazo\\\/#primaryimage\"},\"image\":{\"@id\":\"https:\\\/\\\/www.segurosaegon.com\\\/canalmediadores\\\/2025\\\/05\\\/14\\\/la-mitad-de-los-consumidores-considera-que-el-ramo-de-vida-riesgo-crecera-en-el-medio-y-largo-plazo\\\/#primaryimage\"},\"thumbnailUrl\":\"https:\\\/\\\/www.segurosaegon.com\\\/canalmediadores\\\/wp-content\\\/uploads\\\/sites\\\/40\\\/2025\\\/05\\\/negocio_vida-riesgo_crecimiento2.avif\",\"datePublished\":\"2025-05-14T14:01:24+00:00\",\"dateModified\":\"2025-05-21T09:43:21+00:00\",\"breadcrumb\":{\"@id\":\"https:\\\/\\\/www.segurosaegon.com\\\/canalmediadores\\\/2025\\\/05\\\/14\\\/la-mitad-de-los-consumidores-considera-que-el-ramo-de-vida-riesgo-crecera-en-el-medio-y-largo-plazo\\\/#breadcrumb\"},\"inLanguage\":\"es\",\"potentialAction\":[{\"@type\":\"ReadAction\",\"target\":[\"https:\\\/\\\/www.segurosaegon.com\\\/canalmediadores\\\/2025\\\/05\\\/14\\\/la-mitad-de-los-consumidores-considera-que-el-ramo-de-vida-riesgo-crecera-en-el-medio-y-largo-plazo\\\/\"]}]},{\"@type\":\"ImageObject\",\"inLanguage\":\"es\",\"@id\":\"https:\\\/\\\/www.segurosaegon.com\\\/canalmediadores\\\/2025\\\/05\\\/14\\\/la-mitad-de-los-consumidores-considera-que-el-ramo-de-vida-riesgo-crecera-en-el-medio-y-largo-plazo\\\/#primaryimage\",\"url\":\"https:\\\/\\\/www.segurosaegon.com\\\/canalmediadores\\\/wp-content\\\/uploads\\\/sites\\\/40\\\/2025\\\/05\\\/negocio_vida-riesgo_crecimiento2.avif\",\"contentUrl\":\"https:\\\/\\\/www.segurosaegon.com\\\/canalmediadores\\\/wp-content\\\/uploads\\\/sites\\\/40\\\/2025\\\/05\\\/negocio_vida-riesgo_crecimiento2.avif\",\"width\":969,\"height\":646},{\"@type\":\"BreadcrumbList\",\"@id\":\"https:\\\/\\\/www.segurosaegon.com\\\/canalmediadores\\\/2025\\\/05\\\/14\\\/la-mitad-de-los-consumidores-considera-que-el-ramo-de-vida-riesgo-crecera-en-el-medio-y-largo-plazo\\\/#breadcrumb\",\"itemListElement\":[{\"@type\":\"ListItem\",\"position\":1,\"name\":\"Portada\",\"item\":\"https:\\\/\\\/www.segurosaegon.com\\\/canalmediadores\\\/\"},{\"@type\":\"ListItem\",\"position\":2,\"name\":\"La mitad de los consumidores considera que el ramo de vida-riesgo crecer\u00e1 en el medio y largo plazo\"}]},{\"@type\":\"WebSite\",\"@id\":\"https:\\\/\\\/www.segurosaegon.com\\\/canalmediadores\\\/#website\",\"url\":\"https:\\\/\\\/www.segurosaegon.com\\\/canalmediadores\\\/\",\"name\":\"Canal Mediadores - Aegon Seguros de Vida y Salud\",\"description\":\"\",\"publisher\":{\"@id\":\"https:\\\/\\\/www.segurosaegon.com\\\/canalmediadores\\\/#organization\"},\"potentialAction\":[{\"@type\":\"SearchAction\",\"target\":{\"@type\":\"EntryPoint\",\"urlTemplate\":\"https:\\\/\\\/www.segurosaegon.com\\\/canalmediadores\\\/?s={search_term_string}\"},\"query-input\":{\"@type\":\"PropertyValueSpecification\",\"valueRequired\":true,\"valueName\":\"search_term_string\"}}],\"inLanguage\":\"es\"},{\"@type\":\"Organization\",\"@id\":\"https:\\\/\\\/www.segurosaegon.com\\\/canalmediadores\\\/#organization\",\"name\":\"Canal Mediadores - Aegon Seguros de Vida y Salud\",\"url\":\"https:\\\/\\\/www.segurosaegon.com\\\/canalmediadores\\\/\",\"logo\":{\"@type\":\"ImageObject\",\"inLanguage\":\"es\",\"@id\":\"https:\\\/\\\/www.segurosaegon.com\\\/canalmediadores\\\/#\\\/schema\\\/logo\\\/image\\\/\",\"url\":\"https:\\\/\\\/www.segurosaegon.com\\\/canalmediadores\\\/wp-content\\\/uploads\\\/sites\\\/40\\\/2024\\\/06\\\/Aegon_Logo_2024_PEQv2.png\",\"contentUrl\":\"https:\\\/\\\/www.segurosaegon.com\\\/canalmediadores\\\/wp-content\\\/uploads\\\/sites\\\/40\\\/2024\\\/06\\\/Aegon_Logo_2024_PEQv2.png\",\"width\":147,\"height\":39,\"caption\":\"Canal Mediadores - Aegon Seguros de Vida y Salud\"},\"image\":{\"@id\":\"https:\\\/\\\/www.segurosaegon.com\\\/canalmediadores\\\/#\\\/schema\\\/logo\\\/image\\\/\"}}]}<\/script>\n<!-- \/ Yoast SEO plugin. -->","yoast_head_json":{"title":"La mitad de los consumidores considera que el ramo de vida-riesgo crecer\u00e1 en el medio y largo plazo - Canal Mediadores - Aegon Seguros de Vida y Salud","robots":{"index":"index","follow":"follow","max-snippet":"max-snippet:-1","max-image-preview":"max-image-preview:large","max-video-preview":"max-video-preview:-1"},"canonical":"https:\/\/www.segurosaegon.com\/canalmediadores\/2025\/05\/14\/la-mitad-de-los-consumidores-considera-que-el-ramo-de-vida-riesgo-crecera-en-el-medio-y-largo-plazo\/","og_locale":"es_ES","og_type":"article","og_title":"La mitad de los consumidores considera que el ramo de vida-riesgo crecer\u00e1 en el medio y largo plazo - Canal Mediadores - Aegon Seguros de Vida y Salud","og_description":"Uno de cada dos espa\u00f1oles contrata este tipo de seguros para tener la tranquilidad de que su familia est\u00e1 protegida, como se extrae de la segunda edici\u00f3n del estudio sobre la percepci\u00f3n de la mediaci\u00f3n elaborado por Aegon.","og_url":"https:\/\/www.segurosaegon.com\/canalmediadores\/2025\/05\/14\/la-mitad-de-los-consumidores-considera-que-el-ramo-de-vida-riesgo-crecera-en-el-medio-y-largo-plazo\/","og_site_name":"Canal Mediadores - Aegon Seguros de Vida y Salud","article_published_time":"2025-05-14T14:01:24+00:00","article_modified_time":"2025-05-21T09:43:21+00:00","twitter_card":"summary_large_image","twitter_misc":{"Tiempo de lectura":"4 minutos"},"schema":{"@context":"https:\/\/schema.org","@graph":[{"@type":"Article","@id":"https:\/\/www.segurosaegon.com\/canalmediadores\/2025\/05\/14\/la-mitad-de-los-consumidores-considera-que-el-ramo-de-vida-riesgo-crecera-en-el-medio-y-largo-plazo\/#article","isPartOf":{"@id":"https:\/\/www.segurosaegon.com\/canalmediadores\/2025\/05\/14\/la-mitad-de-los-consumidores-considera-que-el-ramo-de-vida-riesgo-crecera-en-el-medio-y-largo-plazo\/"},"author":{"name":"","@id":""},"headline":"La mitad de los consumidores considera que el ramo de vida-riesgo crecer\u00e1 en el medio y largo plazo","datePublished":"2025-05-14T14:01:24+00:00","dateModified":"2025-05-21T09:43:21+00:00","mainEntityOfPage":{"@id":"https:\/\/www.segurosaegon.com\/canalmediadores\/2025\/05\/14\/la-mitad-de-los-consumidores-considera-que-el-ramo-de-vida-riesgo-crecera-en-el-medio-y-largo-plazo\/"},"wordCount":824,"publisher":{"@id":"https:\/\/www.segurosaegon.com\/canalmediadores\/#organization"},"image":{"@id":"https:\/\/www.segurosaegon.com\/canalmediadores\/2025\/05\/14\/la-mitad-de-los-consumidores-considera-que-el-ramo-de-vida-riesgo-crecera-en-el-medio-y-largo-plazo\/#primaryimage"},"thumbnailUrl":"https:\/\/www.segurosaegon.com\/canalmediadores\/wp-content\/uploads\/sites\/40\/2025\/05\/negocio_vida-riesgo_crecimiento2.avif","inLanguage":"es"},{"@type":"WebPage","@id":"https:\/\/www.segurosaegon.com\/canalmediadores\/2025\/05\/14\/la-mitad-de-los-consumidores-considera-que-el-ramo-de-vida-riesgo-crecera-en-el-medio-y-largo-plazo\/","url":"https:\/\/www.segurosaegon.com\/canalmediadores\/2025\/05\/14\/la-mitad-de-los-consumidores-considera-que-el-ramo-de-vida-riesgo-crecera-en-el-medio-y-largo-plazo\/","name":"La mitad de los consumidores considera que el ramo de vida-riesgo crecer\u00e1 en el medio y largo plazo - Canal Mediadores - Aegon Seguros de Vida y Salud","isPartOf":{"@id":"https:\/\/www.segurosaegon.com\/canalmediadores\/#website"},"primaryImageOfPage":{"@id":"https:\/\/www.segurosaegon.com\/canalmediadores\/2025\/05\/14\/la-mitad-de-los-consumidores-considera-que-el-ramo-de-vida-riesgo-crecera-en-el-medio-y-largo-plazo\/#primaryimage"},"image":{"@id":"https:\/\/www.segurosaegon.com\/canalmediadores\/2025\/05\/14\/la-mitad-de-los-consumidores-considera-que-el-ramo-de-vida-riesgo-crecera-en-el-medio-y-largo-plazo\/#primaryimage"},"thumbnailUrl":"https:\/\/www.segurosaegon.com\/canalmediadores\/wp-content\/uploads\/sites\/40\/2025\/05\/negocio_vida-riesgo_crecimiento2.avif","datePublished":"2025-05-14T14:01:24+00:00","dateModified":"2025-05-21T09:43:21+00:00","breadcrumb":{"@id":"https:\/\/www.segurosaegon.com\/canalmediadores\/2025\/05\/14\/la-mitad-de-los-consumidores-considera-que-el-ramo-de-vida-riesgo-crecera-en-el-medio-y-largo-plazo\/#breadcrumb"},"inLanguage":"es","potentialAction":[{"@type":"ReadAction","target":["https:\/\/www.segurosaegon.com\/canalmediadores\/2025\/05\/14\/la-mitad-de-los-consumidores-considera-que-el-ramo-de-vida-riesgo-crecera-en-el-medio-y-largo-plazo\/"]}]},{"@type":"ImageObject","inLanguage":"es","@id":"https:\/\/www.segurosaegon.com\/canalmediadores\/2025\/05\/14\/la-mitad-de-los-consumidores-considera-que-el-ramo-de-vida-riesgo-crecera-en-el-medio-y-largo-plazo\/#primaryimage","url":"https:\/\/www.segurosaegon.com\/canalmediadores\/wp-content\/uploads\/sites\/40\/2025\/05\/negocio_vida-riesgo_crecimiento2.avif","contentUrl":"https:\/\/www.segurosaegon.com\/canalmediadores\/wp-content\/uploads\/sites\/40\/2025\/05\/negocio_vida-riesgo_crecimiento2.avif","width":969,"height":646},{"@type":"BreadcrumbList","@id":"https:\/\/www.segurosaegon.com\/canalmediadores\/2025\/05\/14\/la-mitad-de-los-consumidores-considera-que-el-ramo-de-vida-riesgo-crecera-en-el-medio-y-largo-plazo\/#breadcrumb","itemListElement":[{"@type":"ListItem","position":1,"name":"Portada","item":"https:\/\/www.segurosaegon.com\/canalmediadores\/"},{"@type":"ListItem","position":2,"name":"La mitad de los consumidores considera que el ramo de vida-riesgo crecer\u00e1 en el medio y largo plazo"}]},{"@type":"WebSite","@id":"https:\/\/www.segurosaegon.com\/canalmediadores\/#website","url":"https:\/\/www.segurosaegon.com\/canalmediadores\/","name":"Canal Mediadores - Aegon Seguros de Vida y Salud","description":"","publisher":{"@id":"https:\/\/www.segurosaegon.com\/canalmediadores\/#organization"},"potentialAction":[{"@type":"SearchAction","target":{"@type":"EntryPoint","urlTemplate":"https:\/\/www.segurosaegon.com\/canalmediadores\/?s={search_term_string}"},"query-input":{"@type":"PropertyValueSpecification","valueRequired":true,"valueName":"search_term_string"}}],"inLanguage":"es"},{"@type":"Organization","@id":"https:\/\/www.segurosaegon.com\/canalmediadores\/#organization","name":"Canal Mediadores - Aegon Seguros de Vida y Salud","url":"https:\/\/www.segurosaegon.com\/canalmediadores\/","logo":{"@type":"ImageObject","inLanguage":"es","@id":"https:\/\/www.segurosaegon.com\/canalmediadores\/#\/schema\/logo\/image\/","url":"https:\/\/www.segurosaegon.com\/canalmediadores\/wp-content\/uploads\/sites\/40\/2024\/06\/Aegon_Logo_2024_PEQv2.png","contentUrl":"https:\/\/www.segurosaegon.com\/canalmediadores\/wp-content\/uploads\/sites\/40\/2024\/06\/Aegon_Logo_2024_PEQv2.png","width":147,"height":39,"caption":"Canal Mediadores - Aegon Seguros de Vida y Salud"},"image":{"@id":"https:\/\/www.segurosaegon.com\/canalmediadores\/#\/schema\/logo\/image\/"}}]}},"_links":{"self":[{"href":"https:\/\/www.segurosaegon.com\/canalmediadores\/wp-json\/wp\/v2\/posts\/5776","targetHints":{"allow":["GET"]}}],"collection":[{"href":"https:\/\/www.segurosaegon.com\/canalmediadores\/wp-json\/wp\/v2\/posts"}],"about":[{"href":"https:\/\/www.segurosaegon.com\/canalmediadores\/wp-json\/wp\/v2\/types\/post"}],"replies":[{"embeddable":true,"href":"https:\/\/www.segurosaegon.com\/canalmediadores\/wp-json\/wp\/v2\/comments?post=5776"}],"version-history":[{"count":5,"href":"https:\/\/www.segurosaegon.com\/canalmediadores\/wp-json\/wp\/v2\/posts\/5776\/revisions"}],"predecessor-version":[{"id":5866,"href":"https:\/\/www.segurosaegon.com\/canalmediadores\/wp-json\/wp\/v2\/posts\/5776\/revisions\/5866"}],"wp:featuredmedia":[{"embeddable":true,"href":"https:\/\/www.segurosaegon.com\/canalmediadores\/wp-json\/wp\/v2\/media\/5860"}],"wp:attachment":[{"href":"https:\/\/www.segurosaegon.com\/canalmediadores\/wp-json\/wp\/v2\/media?parent=5776"}],"wp:term":[{"taxonomy":"category","embeddable":true,"href":"https:\/\/www.segurosaegon.com\/canalmediadores\/wp-json\/wp\/v2\/categories?post=5776"},{"taxonomy":"post_tag","embeddable":true,"href":"https:\/\/www.segurosaegon.com\/canalmediadores\/wp-json\/wp\/v2\/tags?post=5776"}],"curies":[{"name":"wp","href":"https:\/\/api.w.org\/{rel}","templated":true}]}}