{"id":5867,"date":"2025-05-21T12:07:45","date_gmt":"2025-05-21T10:07:45","guid":{"rendered":"https:\/\/www.segurosaegon.com\/canalmediadores\/?p=5867"},"modified":"2025-10-09T09:07:13","modified_gmt":"2025-10-09T07:07:13","slug":"aegon-lanza-una-nueva-direccion-territorial-para-el-negocio-de-colectivos","status":"publish","type":"post","link":"https:\/\/www.segurosaegon.com\/canalmediadores\/2025\/05\/21\/aegon-lanza-una-nueva-direccion-territorial-para-el-negocio-de-colectivos\/","title":{"rendered":"Aegon lanza una nueva direcci\u00f3n territorial para el negocio de Colectivos"},"content":{"rendered":"\n<p class=\"has-custom-warm-black-color has-text-color has-link-color has-forever-forma-body-text-font-family wp-elements-c3ec9b7eaf5863ec804f51b003ef1a79\" style=\"padding-bottom:30px;font-size:clamp(16.293px, 1.018rem + ((1vw - 3.2px) * 0.989), 25px);line-height:1.2\">La compa\u00f1\u00eda ha dividido el territorio nacional en tres grandes \u00e1reas: distrito <strong>Centro y Galicia<\/strong>, distrito <strong>Este <\/strong>y distrito <strong>Sur Cant\u00e1brico<\/strong>, que estar\u00e1n dirigidas respectivamente por <strong>Elena Zabalo<\/strong>, <strong>Laura Portillo<\/strong> e <strong>Ignacio Ordo\u00f1ez<\/strong>. <strong>Mar\u00eda Victoria O\u00f1ate<\/strong>, directora de colectivos, se encuentra al frente de todo el proyecto.<\/p>\n\n\n\n<p class=\"has-custom-warm-black-color has-text-color has-link-color has-forever-forma-body-text-font-family wp-elements-df651b96d82ff178a5bca320109aa09b\" style=\"font-size:clamp(14px, 0.875rem + ((1vw - 3.2px) * 0.341), 17px);line-height:1.2\">Para mejorar la eficiencia y la calidad de sus servicios, <em>Aegon <\/em>apuesta por un equipo mixto. De esta manera el negocio de colectivos se apalanca, da soporte y coordina bajo las directrices del director territorial de mediaci\u00f3n.<\/p>\n\n\n\n<p class=\"has-custom-warm-black-color has-text-color has-link-color has-forever-forma-body-text-font-family wp-elements-e2951a1f959b9a53a98aeb0f2c4296c2\" style=\"font-size:clamp(14px, 0.875rem + ((1vw - 3.2px) * 0.341), 17px);line-height:1.2\">Seg\u00fan Mar\u00eda Victoria O\u00f1ate: \u201c<em>en Aegon llevamos m\u00e1s de cuarenta a\u00f1os trabajando en Espa\u00f1a y conocemos las necesidades de los mediadores. Al apostar por un \u00fanico equipo, ofrecemos una mejor experiencia y servicio a estos profesionales, y, por ende, a las empresas que contratan este tipo de p\u00f3lizas<\/em>\u00ab.<\/p>\n\n\n\n<p class=\"has-custom-warm-black-color has-text-color has-link-color has-forever-forma-body-text-font-family wp-elements-2beeed9dc5c643523279107d5c6af6bf\" style=\"font-size:clamp(14px, 0.875rem + ((1vw - 3.2px) * 0.341), 17px);line-height:1.2\">La nueva estructura de colectivos se integra dentro de la propuesta de valor diferencial de <em>Aegon <\/em>para su red mediada basada en cuatro pilares: segmentaci\u00f3n de su cartera de empresas, formaci\u00f3n espec\u00edfica a corredores sobre colectivos, elaboraci\u00f3n conjunta de oferta e implementaci\u00f3n de la p\u00f3liza, adem\u00e1s del servicio postventa y renovaci\u00f3n. De esta manera, los corredores podr\u00e1n crear ofertas de forma \u00e1gil y asumir la interlocuci\u00f3n directa con la empresa contratante. Tambi\u00e9n contar\u00e1n con el apoyo del servicio de back office de <em>Aegon<\/em>, con el que podr\u00e1n resolver dudas, presentar incidencias y solicitar apoyo siempre que lo necesiten, gestionando el d\u00eda a d\u00eda de los colectivos asegurados de forma m\u00e1s \u00e1gil y sencilla.<\/p>\n\n\n\n<p class=\"has-custom-warm-black-color has-text-color has-link-color has-forever-forma-body-text-font-family wp-elements-2f1166352ef649affbe36dafe32fb6d9\" style=\"font-size:clamp(14px, 0.875rem + ((1vw - 3.2px) * 0.341), 17px);line-height:1.2\">La oferta de seguros colectivos de <em>Aegon <\/em>incluye una amplia variedad de p\u00f3lizas de salud y vida-riesgo que se ajustan a las caracter\u00edsticas y necesidades de cada empresa y plantilla. El objetivo \u00faltimo es mejorar el bienestar de los empleados y la eficiencia de las compa\u00f1\u00edas, utilizando un enfoque personalizado y un modelo de apoyo continuo. La aseguradora se hace cargo del proceso de implementaci\u00f3n de los seguros en la empresa contratante y ofrece servicios de acompa\u00f1amiento para contar las caracter\u00edsticas y ventajas del producto a los asegurados, as\u00ed como un seguimiento postventa continuado de sus necesidades.<\/p>\n\n\n\n<p class=\"has-custom-warm-black-color has-text-color has-link-color has-forever-forma-body-text-font-family wp-elements-7eb1c9df8d8b175ff1a259e421a730ce\" style=\"font-size:clamp(14px, 0.875rem + ((1vw - 3.2px) * 0.341), 17px);line-height:1.2\">Seg\u00fan Maria Victoria O\u00f1ate: \u201c<em>En Aegon, nuestro compromiso es ofrecer un servicio excepcional tanto a nuestros mediadores como a las empresas que conf\u00edan en nosotros. Con esta nueva estructura, estamos seguros de que podremos responder de manera m\u00e1s eficiente y cercana a las necesidades del mercado<\/em>\u201d.<\/p>\n","protected":false},"excerpt":{"rendered":"<p>Aegon, la aseguradora especializada en seguros de salud y vida, ha optimizado su estructura para competir en el mercado de los seguros colectivos. <\/p>\n","protected":false},"author":0,"featured_media":5955,"comment_status":"open","ping_status":"open","sticky":false,"template":"","format":"standard","meta":{"footnotes":""},"categories":[1],"tags":[],"class_list":["post-5867","post","type-post","status-publish","format-standard","has-post-thumbnail","hentry","category-sin-categoria"],"yoast_head":"<!-- This site is optimized with the Yoast SEO plugin v27.4 - https:\/\/yoast.com\/product\/yoast-seo-wordpress\/ -->\n<title>Aegon lanza una nueva direcci\u00f3n territorial para el negocio de Colectivos - Canal Mediadores - Aegon Seguros de Vida y Salud<\/title>\n<meta name=\"robots\" content=\"index, follow, max-snippet:-1, max-image-preview:large, max-video-preview:-1\" \/>\n<link rel=\"canonical\" href=\"https:\/\/www.segurosaegon.com\/canalmediadores\/2025\/05\/21\/aegon-lanza-una-nueva-direccion-territorial-para-el-negocio-de-colectivos\/\" \/>\n<meta property=\"og:locale\" content=\"es_ES\" \/>\n<meta property=\"og:type\" content=\"article\" \/>\n<meta property=\"og:title\" content=\"Aegon lanza una nueva direcci\u00f3n territorial para el negocio de Colectivos - Canal Mediadores - Aegon Seguros de Vida y Salud\" \/>\n<meta property=\"og:description\" content=\"Aegon, la aseguradora especializada en seguros de salud y vida, ha optimizado su estructura para competir en el mercado de los seguros colectivos.\" \/>\n<meta property=\"og:url\" content=\"https:\/\/www.segurosaegon.com\/canalmediadores\/2025\/05\/21\/aegon-lanza-una-nueva-direccion-territorial-para-el-negocio-de-colectivos\/\" \/>\n<meta property=\"og:site_name\" content=\"Canal Mediadores - Aegon Seguros de Vida y Salud\" \/>\n<meta property=\"article:published_time\" content=\"2025-05-21T10:07:45+00:00\" \/>\n<meta property=\"article:modified_time\" content=\"2025-10-09T07:07:13+00:00\" \/>\n<meta property=\"og:image\" content=\"https:\/\/www.segurosaegon.com\/canalmediadores\/wp-content\/uploads\/sites\/40\/2025\/05\/Distribucion-comercial-colectivos-3.avif\" \/>\n\t<meta property=\"og:image:width\" content=\"1025\" \/>\n\t<meta property=\"og:image:height\" content=\"573\" \/>\n\t<meta property=\"og:image:type\" content=\"image\/png\" \/>\n<meta name=\"twitter:card\" content=\"summary_large_image\" \/>\n<meta name=\"twitter:label1\" content=\"Tiempo de lectura\" \/>\n\t<meta name=\"twitter:data1\" content=\"2 minutos\" \/>\n<script type=\"application\/ld+json\" class=\"yoast-schema-graph\">{\"@context\":\"https:\\\/\\\/schema.org\",\"@graph\":[{\"@type\":\"Article\",\"@id\":\"https:\\\/\\\/www.segurosaegon.com\\\/canalmediadores\\\/2025\\\/05\\\/21\\\/aegon-lanza-una-nueva-direccion-territorial-para-el-negocio-de-colectivos\\\/#article\",\"isPartOf\":{\"@id\":\"https:\\\/\\\/www.segurosaegon.com\\\/canalmediadores\\\/2025\\\/05\\\/21\\\/aegon-lanza-una-nueva-direccion-territorial-para-el-negocio-de-colectivos\\\/\"},\"author\":{\"name\":\"\",\"@id\":\"\"},\"headline\":\"Aegon lanza una nueva direcci\u00f3n territorial para el negocio de Colectivos\",\"datePublished\":\"2025-05-21T10:07:45+00:00\",\"dateModified\":\"2025-10-09T07:07:13+00:00\",\"mainEntityOfPage\":{\"@id\":\"https:\\\/\\\/www.segurosaegon.com\\\/canalmediadores\\\/2025\\\/05\\\/21\\\/aegon-lanza-una-nueva-direccion-territorial-para-el-negocio-de-colectivos\\\/\"},\"wordCount\":440,\"commentCount\":0,\"publisher\":{\"@id\":\"https:\\\/\\\/www.segurosaegon.com\\\/canalmediadores\\\/#organization\"},\"image\":{\"@id\":\"https:\\\/\\\/www.segurosaegon.com\\\/canalmediadores\\\/2025\\\/05\\\/21\\\/aegon-lanza-una-nueva-direccion-territorial-para-el-negocio-de-colectivos\\\/#primaryimage\"},\"thumbnailUrl\":\"https:\\\/\\\/www.segurosaegon.com\\\/canalmediadores\\\/wp-content\\\/uploads\\\/sites\\\/40\\\/2025\\\/05\\\/Distribucion-comercial-colectivos-3.avif\",\"inLanguage\":\"es\",\"potentialAction\":[{\"@type\":\"CommentAction\",\"name\":\"Comment\",\"target\":[\"https:\\\/\\\/www.segurosaegon.com\\\/canalmediadores\\\/2025\\\/05\\\/21\\\/aegon-lanza-una-nueva-direccion-territorial-para-el-negocio-de-colectivos\\\/#respond\"]}]},{\"@type\":\"WebPage\",\"@id\":\"https:\\\/\\\/www.segurosaegon.com\\\/canalmediadores\\\/2025\\\/05\\\/21\\\/aegon-lanza-una-nueva-direccion-territorial-para-el-negocio-de-colectivos\\\/\",\"url\":\"https:\\\/\\\/www.segurosaegon.com\\\/canalmediadores\\\/2025\\\/05\\\/21\\\/aegon-lanza-una-nueva-direccion-territorial-para-el-negocio-de-colectivos\\\/\",\"name\":\"Aegon lanza una nueva direcci\u00f3n territorial para el negocio de Colectivos - Canal Mediadores - Aegon Seguros de Vida y Salud\",\"isPartOf\":{\"@id\":\"https:\\\/\\\/www.segurosaegon.com\\\/canalmediadores\\\/#website\"},\"primaryImageOfPage\":{\"@id\":\"https:\\\/\\\/www.segurosaegon.com\\\/canalmediadores\\\/2025\\\/05\\\/21\\\/aegon-lanza-una-nueva-direccion-territorial-para-el-negocio-de-colectivos\\\/#primaryimage\"},\"image\":{\"@id\":\"https:\\\/\\\/www.segurosaegon.com\\\/canalmediadores\\\/2025\\\/05\\\/21\\\/aegon-lanza-una-nueva-direccion-territorial-para-el-negocio-de-colectivos\\\/#primaryimage\"},\"thumbnailUrl\":\"https:\\\/\\\/www.segurosaegon.com\\\/canalmediadores\\\/wp-content\\\/uploads\\\/sites\\\/40\\\/2025\\\/05\\\/Distribucion-comercial-colectivos-3.avif\",\"datePublished\":\"2025-05-21T10:07:45+00:00\",\"dateModified\":\"2025-10-09T07:07:13+00:00\",\"breadcrumb\":{\"@id\":\"https:\\\/\\\/www.segurosaegon.com\\\/canalmediadores\\\/2025\\\/05\\\/21\\\/aegon-lanza-una-nueva-direccion-territorial-para-el-negocio-de-colectivos\\\/#breadcrumb\"},\"inLanguage\":\"es\",\"potentialAction\":[{\"@type\":\"ReadAction\",\"target\":[\"https:\\\/\\\/www.segurosaegon.com\\\/canalmediadores\\\/2025\\\/05\\\/21\\\/aegon-lanza-una-nueva-direccion-territorial-para-el-negocio-de-colectivos\\\/\"]}]},{\"@type\":\"ImageObject\",\"inLanguage\":\"es\",\"@id\":\"https:\\\/\\\/www.segurosaegon.com\\\/canalmediadores\\\/2025\\\/05\\\/21\\\/aegon-lanza-una-nueva-direccion-territorial-para-el-negocio-de-colectivos\\\/#primaryimage\",\"url\":\"https:\\\/\\\/www.segurosaegon.com\\\/canalmediadores\\\/wp-content\\\/uploads\\\/sites\\\/40\\\/2025\\\/05\\\/Distribucion-comercial-colectivos-3.avif\",\"contentUrl\":\"https:\\\/\\\/www.segurosaegon.com\\\/canalmediadores\\\/wp-content\\\/uploads\\\/sites\\\/40\\\/2025\\\/05\\\/Distribucion-comercial-colectivos-3.avif\",\"width\":1025,\"height\":573},{\"@type\":\"BreadcrumbList\",\"@id\":\"https:\\\/\\\/www.segurosaegon.com\\\/canalmediadores\\\/2025\\\/05\\\/21\\\/aegon-lanza-una-nueva-direccion-territorial-para-el-negocio-de-colectivos\\\/#breadcrumb\",\"itemListElement\":[{\"@type\":\"ListItem\",\"position\":1,\"name\":\"Portada\",\"item\":\"https:\\\/\\\/www.segurosaegon.com\\\/canalmediadores\\\/\"},{\"@type\":\"ListItem\",\"position\":2,\"name\":\"Aegon lanza una nueva direcci\u00f3n territorial para el negocio de Colectivos\"}]},{\"@type\":\"WebSite\",\"@id\":\"https:\\\/\\\/www.segurosaegon.com\\\/canalmediadores\\\/#website\",\"url\":\"https:\\\/\\\/www.segurosaegon.com\\\/canalmediadores\\\/\",\"name\":\"Canal Mediadores - Aegon Seguros de Vida y Salud\",\"description\":\"\",\"publisher\":{\"@id\":\"https:\\\/\\\/www.segurosaegon.com\\\/canalmediadores\\\/#organization\"},\"potentialAction\":[{\"@type\":\"SearchAction\",\"target\":{\"@type\":\"EntryPoint\",\"urlTemplate\":\"https:\\\/\\\/www.segurosaegon.com\\\/canalmediadores\\\/?s={search_term_string}\"},\"query-input\":{\"@type\":\"PropertyValueSpecification\",\"valueRequired\":true,\"valueName\":\"search_term_string\"}}],\"inLanguage\":\"es\"},{\"@type\":\"Organization\",\"@id\":\"https:\\\/\\\/www.segurosaegon.com\\\/canalmediadores\\\/#organization\",\"name\":\"Canal Mediadores - Aegon Seguros de Vida y Salud\",\"url\":\"https:\\\/\\\/www.segurosaegon.com\\\/canalmediadores\\\/\",\"logo\":{\"@type\":\"ImageObject\",\"inLanguage\":\"es\",\"@id\":\"https:\\\/\\\/www.segurosaegon.com\\\/canalmediadores\\\/#\\\/schema\\\/logo\\\/image\\\/\",\"url\":\"https:\\\/\\\/www.segurosaegon.com\\\/canalmediadores\\\/wp-content\\\/uploads\\\/sites\\\/40\\\/2024\\\/06\\\/Aegon_Logo_2024_PEQv2.png\",\"contentUrl\":\"https:\\\/\\\/www.segurosaegon.com\\\/canalmediadores\\\/wp-content\\\/uploads\\\/sites\\\/40\\\/2024\\\/06\\\/Aegon_Logo_2024_PEQv2.png\",\"width\":147,\"height\":39,\"caption\":\"Canal Mediadores - Aegon Seguros de Vida y Salud\"},\"image\":{\"@id\":\"https:\\\/\\\/www.segurosaegon.com\\\/canalmediadores\\\/#\\\/schema\\\/logo\\\/image\\\/\"}}]}<\/script>\n<!-- \/ Yoast SEO plugin. -->","yoast_head_json":{"title":"Aegon lanza una nueva direcci\u00f3n territorial para el negocio de Colectivos - Canal Mediadores - Aegon Seguros de Vida y Salud","robots":{"index":"index","follow":"follow","max-snippet":"max-snippet:-1","max-image-preview":"max-image-preview:large","max-video-preview":"max-video-preview:-1"},"canonical":"https:\/\/www.segurosaegon.com\/canalmediadores\/2025\/05\/21\/aegon-lanza-una-nueva-direccion-territorial-para-el-negocio-de-colectivos\/","og_locale":"es_ES","og_type":"article","og_title":"Aegon lanza una nueva direcci\u00f3n territorial para el negocio de Colectivos - Canal Mediadores - Aegon Seguros de Vida y Salud","og_description":"Aegon, la aseguradora especializada en seguros de salud y vida, ha optimizado su estructura para competir en el mercado de los seguros colectivos.","og_url":"https:\/\/www.segurosaegon.com\/canalmediadores\/2025\/05\/21\/aegon-lanza-una-nueva-direccion-territorial-para-el-negocio-de-colectivos\/","og_site_name":"Canal Mediadores - Aegon Seguros de Vida y Salud","article_published_time":"2025-05-21T10:07:45+00:00","article_modified_time":"2025-10-09T07:07:13+00:00","og_image":[{"width":1025,"height":573,"url":"https:\/\/www.segurosaegon.com\/canalmediadores\/wp-content\/uploads\/sites\/40\/2025\/05\/Distribucion-comercial-colectivos-3.avif","type":"image\/png"}],"twitter_card":"summary_large_image","twitter_misc":{"Tiempo de lectura":"2 minutos"},"schema":{"@context":"https:\/\/schema.org","@graph":[{"@type":"Article","@id":"https:\/\/www.segurosaegon.com\/canalmediadores\/2025\/05\/21\/aegon-lanza-una-nueva-direccion-territorial-para-el-negocio-de-colectivos\/#article","isPartOf":{"@id":"https:\/\/www.segurosaegon.com\/canalmediadores\/2025\/05\/21\/aegon-lanza-una-nueva-direccion-territorial-para-el-negocio-de-colectivos\/"},"author":{"name":"","@id":""},"headline":"Aegon lanza una nueva direcci\u00f3n territorial para el negocio de Colectivos","datePublished":"2025-05-21T10:07:45+00:00","dateModified":"2025-10-09T07:07:13+00:00","mainEntityOfPage":{"@id":"https:\/\/www.segurosaegon.com\/canalmediadores\/2025\/05\/21\/aegon-lanza-una-nueva-direccion-territorial-para-el-negocio-de-colectivos\/"},"wordCount":440,"commentCount":0,"publisher":{"@id":"https:\/\/www.segurosaegon.com\/canalmediadores\/#organization"},"image":{"@id":"https:\/\/www.segurosaegon.com\/canalmediadores\/2025\/05\/21\/aegon-lanza-una-nueva-direccion-territorial-para-el-negocio-de-colectivos\/#primaryimage"},"thumbnailUrl":"https:\/\/www.segurosaegon.com\/canalmediadores\/wp-content\/uploads\/sites\/40\/2025\/05\/Distribucion-comercial-colectivos-3.avif","inLanguage":"es","potentialAction":[{"@type":"CommentAction","name":"Comment","target":["https:\/\/www.segurosaegon.com\/canalmediadores\/2025\/05\/21\/aegon-lanza-una-nueva-direccion-territorial-para-el-negocio-de-colectivos\/#respond"]}]},{"@type":"WebPage","@id":"https:\/\/www.segurosaegon.com\/canalmediadores\/2025\/05\/21\/aegon-lanza-una-nueva-direccion-territorial-para-el-negocio-de-colectivos\/","url":"https:\/\/www.segurosaegon.com\/canalmediadores\/2025\/05\/21\/aegon-lanza-una-nueva-direccion-territorial-para-el-negocio-de-colectivos\/","name":"Aegon lanza una nueva direcci\u00f3n territorial para el negocio de Colectivos - Canal Mediadores - Aegon Seguros de Vida y Salud","isPartOf":{"@id":"https:\/\/www.segurosaegon.com\/canalmediadores\/#website"},"primaryImageOfPage":{"@id":"https:\/\/www.segurosaegon.com\/canalmediadores\/2025\/05\/21\/aegon-lanza-una-nueva-direccion-territorial-para-el-negocio-de-colectivos\/#primaryimage"},"image":{"@id":"https:\/\/www.segurosaegon.com\/canalmediadores\/2025\/05\/21\/aegon-lanza-una-nueva-direccion-territorial-para-el-negocio-de-colectivos\/#primaryimage"},"thumbnailUrl":"https:\/\/www.segurosaegon.com\/canalmediadores\/wp-content\/uploads\/sites\/40\/2025\/05\/Distribucion-comercial-colectivos-3.avif","datePublished":"2025-05-21T10:07:45+00:00","dateModified":"2025-10-09T07:07:13+00:00","breadcrumb":{"@id":"https:\/\/www.segurosaegon.com\/canalmediadores\/2025\/05\/21\/aegon-lanza-una-nueva-direccion-territorial-para-el-negocio-de-colectivos\/#breadcrumb"},"inLanguage":"es","potentialAction":[{"@type":"ReadAction","target":["https:\/\/www.segurosaegon.com\/canalmediadores\/2025\/05\/21\/aegon-lanza-una-nueva-direccion-territorial-para-el-negocio-de-colectivos\/"]}]},{"@type":"ImageObject","inLanguage":"es","@id":"https:\/\/www.segurosaegon.com\/canalmediadores\/2025\/05\/21\/aegon-lanza-una-nueva-direccion-territorial-para-el-negocio-de-colectivos\/#primaryimage","url":"https:\/\/www.segurosaegon.com\/canalmediadores\/wp-content\/uploads\/sites\/40\/2025\/05\/Distribucion-comercial-colectivos-3.avif","contentUrl":"https:\/\/www.segurosaegon.com\/canalmediadores\/wp-content\/uploads\/sites\/40\/2025\/05\/Distribucion-comercial-colectivos-3.avif","width":1025,"height":573},{"@type":"BreadcrumbList","@id":"https:\/\/www.segurosaegon.com\/canalmediadores\/2025\/05\/21\/aegon-lanza-una-nueva-direccion-territorial-para-el-negocio-de-colectivos\/#breadcrumb","itemListElement":[{"@type":"ListItem","position":1,"name":"Portada","item":"https:\/\/www.segurosaegon.com\/canalmediadores\/"},{"@type":"ListItem","position":2,"name":"Aegon lanza una nueva direcci\u00f3n territorial para el negocio de Colectivos"}]},{"@type":"WebSite","@id":"https:\/\/www.segurosaegon.com\/canalmediadores\/#website","url":"https:\/\/www.segurosaegon.com\/canalmediadores\/","name":"Canal Mediadores - Aegon Seguros de Vida y Salud","description":"","publisher":{"@id":"https:\/\/www.segurosaegon.com\/canalmediadores\/#organization"},"potentialAction":[{"@type":"SearchAction","target":{"@type":"EntryPoint","urlTemplate":"https:\/\/www.segurosaegon.com\/canalmediadores\/?s={search_term_string}"},"query-input":{"@type":"PropertyValueSpecification","valueRequired":true,"valueName":"search_term_string"}}],"inLanguage":"es"},{"@type":"Organization","@id":"https:\/\/www.segurosaegon.com\/canalmediadores\/#organization","name":"Canal Mediadores - Aegon Seguros de Vida y Salud","url":"https:\/\/www.segurosaegon.com\/canalmediadores\/","logo":{"@type":"ImageObject","inLanguage":"es","@id":"https:\/\/www.segurosaegon.com\/canalmediadores\/#\/schema\/logo\/image\/","url":"https:\/\/www.segurosaegon.com\/canalmediadores\/wp-content\/uploads\/sites\/40\/2024\/06\/Aegon_Logo_2024_PEQv2.png","contentUrl":"https:\/\/www.segurosaegon.com\/canalmediadores\/wp-content\/uploads\/sites\/40\/2024\/06\/Aegon_Logo_2024_PEQv2.png","width":147,"height":39,"caption":"Canal Mediadores - Aegon Seguros de Vida y Salud"},"image":{"@id":"https:\/\/www.segurosaegon.com\/canalmediadores\/#\/schema\/logo\/image\/"}}]}},"_links":{"self":[{"href":"https:\/\/www.segurosaegon.com\/canalmediadores\/wp-json\/wp\/v2\/posts\/5867","targetHints":{"allow":["GET"]}}],"collection":[{"href":"https:\/\/www.segurosaegon.com\/canalmediadores\/wp-json\/wp\/v2\/posts"}],"about":[{"href":"https:\/\/www.segurosaegon.com\/canalmediadores\/wp-json\/wp\/v2\/types\/post"}],"replies":[{"embeddable":true,"href":"https:\/\/www.segurosaegon.com\/canalmediadores\/wp-json\/wp\/v2\/comments?post=5867"}],"version-history":[{"count":4,"href":"https:\/\/www.segurosaegon.com\/canalmediadores\/wp-json\/wp\/v2\/posts\/5867\/revisions"}],"predecessor-version":[{"id":5882,"href":"https:\/\/www.segurosaegon.com\/canalmediadores\/wp-json\/wp\/v2\/posts\/5867\/revisions\/5882"}],"wp:featuredmedia":[{"embeddable":true,"href":"https:\/\/www.segurosaegon.com\/canalmediadores\/wp-json\/wp\/v2\/media\/5955"}],"wp:attachment":[{"href":"https:\/\/www.segurosaegon.com\/canalmediadores\/wp-json\/wp\/v2\/media?parent=5867"}],"wp:term":[{"taxonomy":"category","embeddable":true,"href":"https:\/\/www.segurosaegon.com\/canalmediadores\/wp-json\/wp\/v2\/categories?post=5867"},{"taxonomy":"post_tag","embeddable":true,"href":"https:\/\/www.segurosaegon.com\/canalmediadores\/wp-json\/wp\/v2\/tags?post=5867"}],"curies":[{"name":"wp","href":"https:\/\/api.w.org\/{rel}","templated":true}]}}