{"id":5872,"date":"2025-05-21T12:10:13","date_gmt":"2025-05-21T10:10:13","guid":{"rendered":"https:\/\/www.segurosaegon.com\/canalmediadores\/?p=5872"},"modified":"2025-07-16T09:45:36","modified_gmt":"2025-07-16T07:45:36","slug":"maria-victoria-onate-directora-de-colectivos-de-aegon-hemos-disenado-una-estructura-que-responde-a-lo-que-los-mediadores-y-las-empresas-necesitan-hoy","status":"publish","type":"post","link":"https:\/\/www.segurosaegon.com\/canalmediadores\/2025\/05\/21\/maria-victoria-onate-directora-de-colectivos-de-aegon-hemos-disenado-una-estructura-que-responde-a-lo-que-los-mediadores-y-las-empresas-necesitan-hoy\/","title":{"rendered":"Mar\u00eda victoria O\u00f1ate, directora de colectivos de Aegon: \u00abHemos dise\u00f1ado una estructura que responde a lo que los mediadores y las empresas necesitan hoy\u00bb"},"content":{"rendered":"\n<h2 class=\"wp-block-heading has-custom-warm-black-color has-text-color has-link-color has-forever-forma-heading-font-family wp-elements-5b6f49e5f970940741718aa5845b8f79\" style=\"padding-top:20px;font-size:clamp(16.293px, 1.018rem + ((1vw - 3.2px) * 0.989), 25px);font-style:normal;font-weight:700\">1. \u00bfCu\u00e1l es la propuesta de valor espec\u00edfica que Aegon ofrece hoy a los mediadores?<\/h2>\n\n\n\n<p class=\"has-custom-warm-black-color has-text-color has-link-color has-forever-forma-body-text-font-family wp-elements-3ca870225498e6442c0b03e81892c16f\" style=\"font-size:clamp(14px, 0.875rem + ((1vw - 3.2px) * 0.341), 17px);line-height:1.2\">En <em>Aegon <\/em>tenemos muy claro que nuestros socios mediadores son clave en la estrategia de crecimiento en colectivos. Por eso, nuestra propuesta de valor no solo se centra en productos competitivos, sino tambi\u00e9n en herramientas y acompa\u00f1amiento.<\/p>\n\n\n\n<p class=\"has-custom-warm-black-color has-text-color has-link-color has-forever-forma-body-text-font-family wp-elements-aa3ab2d3a5858ed26f1da7976f10b9a8\" style=\"font-size:clamp(14px, 0.875rem + ((1vw - 3.2px) * 0.341), 17px);line-height:1.2\">Hemos creado un equipo mixto que combina la experiencia y el conocimiento de los gerentes de mediaci\u00f3n con la de los responsables territoriales de colectivos. De esta manera el negocio de colectivos se apalanca, da soporte y coordina bajo las directrices del director territorial de mediaci\u00f3n. Esta colaboraci\u00f3n nos permite ofrecer un acompa\u00f1amiento \u00fanico, con una sola voz, m\u00e1s coherente y adaptado a las necesidades reales de los mediadores. Queremos estar cerca, escuchar y ayudar a desarrollar su negocio con soluciones espec\u00edficas para cada tipo de corredur\u00eda.<\/p>\n\n\n\n<p class=\"has-custom-warm-black-color has-text-color has-link-color has-forever-forma-body-text-font-family wp-elements-672e4df19f921eaf2db571613f99eac0\" style=\"font-size:clamp(14px, 0.875rem + ((1vw - 3.2px) * 0.341), 17px);line-height:1.2\">Adem\u00e1s, en <em>Aegon <\/em>llevamos ya m\u00e1s de 40 a\u00f1os creciendo juntos, y seguimos apostando por relaciones a largo plazo basadas en la confianza.<\/p>\n\n\n\n<h2 class=\"wp-block-heading has-custom-warm-black-color has-text-color has-link-color has-forever-forma-heading-font-family wp-elements-db9994f47b4790ef9d72d9af607af5b4\" style=\"padding-top:20px;font-size:clamp(16.293px, 1.018rem + ((1vw - 3.2px) * 0.989), 25px);font-style:normal;font-weight:700\">2. \u00bfCrees que estamos presenciando una transformaci\u00f3n sin precedentes en el \u00e1mbito del cuidado de la salud en las empresas?<\/h2>\n\n\n\n<p class=\"has-custom-warm-black-color has-text-color has-link-color has-forever-forma-body-text-font-family wp-elements-c3df86d82b1c2202f10875920d521403\" style=\"font-size:clamp(14px, 0.875rem + ((1vw - 3.2px) * 0.341), 17px);line-height:1.2\">Definitivamente. Es innegable que el entorno laboral est\u00e1 experimentando una evoluci\u00f3n significativa en cuanto a las necesidades de los empleados. Cada vez m\u00e1s, los beneficios sociales se est\u00e1n convirtiendo en un elemento esencial en muchas organizaciones, desde la conciliaci\u00f3n laboral hasta la inclusi\u00f3n de seguros de salud. Adem\u00e1s, el cuidado de la salud en el entorno empresarial se ha consolidado como un beneficio social crucial para los trabajadores. En <em>Aegon<\/em>, somos una compa\u00f1\u00eda de personas que cuidan de personas, y por ello, nuestro enfoque est\u00e1 en la protecci\u00f3n y el bienestar de nuestros clientes y mediadores.<\/p>\n\n\n\n<h2 class=\"wp-block-heading has-custom-warm-black-color has-text-color has-link-color has-forever-forma-heading-font-family wp-elements-36f09c10b5f2e7f2e7a2efc619c62f96\" style=\"padding-top:20px;font-size:clamp(16.293px, 1.018rem + ((1vw - 3.2px) * 0.989), 25px);font-style:normal;font-weight:700\">3. Aegon siempre ha destacado por su cercan\u00eda y por ser una compa\u00f1\u00eda de personas que cuidan de personas. \u00bfC\u00f3mo se refleja esto en su propuesta de valor?<\/h2>\n\n\n\n<p class=\"has-custom-warm-black-color has-text-color has-link-color has-forever-forma-body-text-font-family wp-elements-e98b02f3f58c2bd77dacd0f88ed0610f\" style=\"font-size:clamp(14px, 0.875rem + ((1vw - 3.2px) * 0.341), 17px);line-height:1.2\">Para tener una perspectiva amplia y diversa, hemos dise\u00f1ado una estructura de trabajo mixto que facilita la colaboraci\u00f3n entre los gerentes de mediaci\u00f3n y los responsables territoriales de colectivos, para poder responder a lo que los mediadores y las empresas necesitan hoy. Esto se traduce en un \u00fanico equipo y, sobre todo, en un acompa\u00f1amiento mucho m\u00e1s coherente.<\/p>\n\n\n\n<p class=\"has-custom-warm-black-color has-text-color has-link-color has-forever-forma-body-text-font-family wp-elements-e6a380158d6efd2337b2747a2f697909\" style=\"font-size:clamp(14px, 0.875rem + ((1vw - 3.2px) * 0.341), 17px);line-height:1.2\">Pero esta cercan\u00eda tambi\u00e9n se traduce en c\u00f3mo tratamos a nuestros mediadores: con disponibilidad, apoyo comercial y soluciones adaptadas. Hemos evolucionado nuestra estructura precisamente para dar una respuesta m\u00e1s r\u00e1pida, cercana y efectiva.<\/p>\n\n\n\n<p class=\"has-custom-warm-black-color has-text-color has-link-color has-forever-forma-body-text-font-family wp-elements-bd3d389941956c7a9584f0d7b79d45f2\" style=\"font-size:clamp(14px, 0.875rem + ((1vw - 3.2px) * 0.341), 17px);line-height:1.2\">Y, de cara a los clientes, nuestros seguros colectivos proporcionan una amplia gama de beneficios, incluyendo acceso sencillo a pruebas m\u00e9dicas, consulta directa con especialistas, ventajas fiscales, y la libertad de elegir especialistas con horarios flexibles. Adem\u00e1s, ofrecemos hospitalizaci\u00f3n individual y programas de medicina preventiva.<\/p>\n\n\n\n<p class=\"has-custom-warm-black-color has-text-color has-link-color has-forever-forma-body-text-font-family wp-elements-460aff8ba65e04d5e81efcbb567899d7\" style=\"font-size:clamp(14px, 0.875rem + ((1vw - 3.2px) * 0.341), 17px);line-height:1.2\">Estos beneficios no solo promueven la salud y el bienestar de los empleados, sino que tambi\u00e9n crean un entorno laboral m\u00e1s productivo y satisfactorio. En <em>Aegon<\/em>, llevamos m\u00e1s de 40 a\u00f1os desarrollando productos innovadores que no solo protegen a los empleados, sino que tambi\u00e9n aportan un valor a\u00f1adido significativo a las empresas.<\/p>\n\n\n\n<p class=\"has-custom-warm-black-color has-text-color has-link-color has-forever-forma-body-text-font-family wp-elements-83bdf920022b5e30d5f82bb66ecca602\" style=\"font-size:clamp(14px, 0.875rem + ((1vw - 3.2px) * 0.341), 17px);line-height:1.2\">Adem\u00e1s, para mejorar el bienestar emocional e integral de nuestros asegurados, contamos con uno de los paquetes asistenciales m\u00e1s completos del mercado. El a\u00f1o pasado, lo mejoramos a\u00fan m\u00e1s al introducir el pack \u00ab<em>Bienestar empleados<\/em>\u00ab.<\/p>\n\n\n\n<h2 class=\"wp-block-heading has-custom-warm-black-color has-text-color has-link-color has-forever-forma-heading-font-family wp-elements-975236df137454eabfef797ce503d82b\" style=\"padding-top:20px;font-size:clamp(16.293px, 1.018rem + ((1vw - 3.2px) * 0.989), 25px);font-style:normal;font-weight:700\">4. Sobre el pack que hab\u00e9is lanzado de \u201cBienestar empleados\u201d como una mejora clave. \u00bfQu\u00e9 lo hace diferente? \u00bfDe qu\u00e9 manera puede beneficiar esto a los mediadores?<\/h2>\n\n\n\n<p class=\"has-custom-warm-black-color has-text-color has-link-color has-forever-forma-body-text-font-family wp-elements-2e9bf8082963fd5f42933be98759b844\" style=\"font-size:clamp(14px, 0.875rem + ((1vw - 3.2px) * 0.341), 17px);line-height:1.2\">Este pack es una evoluci\u00f3n de nuestra oferta, centrado en la salud integral del empleado. Incorpora servicios m\u00e1s all\u00e1 de la p\u00f3liza, como el cuidado de la salud mental o la nutrici\u00f3n, con un enfoque integral.<\/p>\n\n\n\n<p class=\"has-custom-warm-black-color has-text-color has-link-color has-forever-forma-body-text-font-family wp-elements-0b7ea68adeade5c9bf2506e4c8f76ad9\" style=\"font-size:clamp(14px, 0.875rem + ((1vw - 3.2px) * 0.341), 17px);line-height:1.2\">Este tipo de soluciones tambi\u00e9n son una oportunidad de valor a\u00f1adido para los mediadores, que pueden ofrecer a sus clientes una cobertura diferenciadora en un mercado cada vez m\u00e1s competitivo.<\/p>\n\n\n\n<h2 class=\"wp-block-heading has-custom-warm-black-color has-text-color has-link-color has-forever-forma-heading-font-family wp-elements-5e90f0c94bd55d9f939ecafd2c91a19d\" style=\"padding-top:20px;font-size:clamp(16.293px, 1.018rem + ((1vw - 3.2px) * 0.989), 25px);font-style:normal;font-weight:700\">5. Aegon Seguros ha sido reconocido como el Servicio de Atenci\u00f3n al Cliente del A\u00f1o de 2020 a 2025, seis veces consecutivas. \u00bfQu\u00e9 distingue a la compa\u00f1\u00eda en t\u00e9rminos de propuesta de valor para mantener una relaci\u00f3n tan cercana con sus clientes?<\/h2>\n\n\n\n<p class=\"has-custom-warm-black-color has-text-color has-link-color has-forever-forma-body-text-font-family wp-elements-111945242f557e87b181af8155467330\" style=\"font-size:clamp(14px, 0.875rem + ((1vw - 3.2px) * 0.341), 17px);line-height:1.2\">Estamos muy orgullosos de haber sido reconocidos, un a\u00f1o m\u00e1s y por sexto consecutivo, como el mejor Servicio de Atenci\u00f3n al Cliente.<\/p>\n\n\n\n<p class=\"has-custom-warm-black-color has-text-color has-link-color has-forever-forma-body-text-font-family wp-elements-9efda252f8e008de48e70e669f3649c8\" style=\"font-size:clamp(14px, 0.875rem + ((1vw - 3.2px) * 0.341), 17px);line-height:1.2\">Estos reconocimientos reflejan nuestro compromiso constante con la excelencia en el servicio. En <em>Aegon<\/em>, nos esforzamos por ofrecer una atenci\u00f3n cercana, eficiente y resolutiva, asegur\u00e1ndonos de que nuestros clientes siempre se sientan apoyados y escuchados. Contamos con un equipo de profesionales altamente capacitados en atenci\u00f3n al cliente y ofrecemos una amplia variedad de canales de comunicaci\u00f3n, apoyados por la digitalizaci\u00f3n y la tecnolog\u00eda, para estar siempre disponibles y accesibles para nuestros clientes.<\/p>\n\n\n\n<h2 class=\"wp-block-heading has-custom-warm-black-color has-text-color has-link-color has-forever-forma-heading-font-family wp-elements-a2d997bb6b93f306c081abba578dd209\" style=\"padding-top:20px;font-size:clamp(16.293px, 1.018rem + ((1vw - 3.2px) * 0.989), 25px);font-style:normal;font-weight:700\">6. \u00bfDe qu\u00e9 manera ha impactado la digitalizaci\u00f3n en la mejora de los programas de calidad de servicio, especialmente en el sector salud? \u00bfQu\u00e9 herramientas espec\u00edficas se han implementado para optimizar la experiencia de los asegurados en el ramo de colectivos?<\/h2>\n\n\n\n<p class=\"has-custom-warm-black-color has-text-color has-link-color has-forever-forma-body-text-font-family wp-elements-92a49ff6978d2aa16744005d7ecec974\" style=\"font-size:clamp(14px, 0.875rem + ((1vw - 3.2px) * 0.341), 17px);line-height:1.2\">La digitalizaci\u00f3n ha sido fundamental en nuestra propuesta de valor al cliente para el sector de colectivos. Hemos introducido herramientas tecnol\u00f3gicas innovadoras que mejoran la experiencia del cliente, como el acceso a trav\u00e9s de app a la informaci\u00f3n del seguro, la gesti\u00f3n de autorizaciones por Whatsapp o la atenci\u00f3n al cliente a trav\u00e9s de chat y correo electr\u00f3nico. Adem\u00e1s, hemos lanzado un nuevo sistema de telemedicina que incluye asistencia psicoemocional y nutricional online para empresas. Esto nos ha permitido ofrecer un servicio m\u00e1s r\u00e1pido, eficiente y personalizado.<\/p>\n\n\n\n<p class=\"has-custom-warm-black-color has-text-color has-link-color has-forever-forma-body-text-font-family wp-elements-deb9054b71183af3ee40df0780aabb0d\" style=\"font-size:clamp(14px, 0.875rem + ((1vw - 3.2px) * 0.341), 17px);line-height:1.2\">De cara a los mediadores, gracias a la digitalizaci\u00f3n tenemos un mejor soporte de back office para los productos colectivos, con capacidades digitales para que los mediadores tengan autonom\u00eda en procesos como el env\u00edo de tarjetas digitales, por ejemplo. Adem\u00e1s, los corredores disponen de servicios de atenci\u00f3n personalizada para dar respuesta a las necesidades de sus empresas aseguradas.<\/p>\n","protected":false},"excerpt":{"rendered":"<p>Con m\u00e1s de 40 a\u00f1os de experiencia en el mercado espa\u00f1ol, Aegon ha dado un paso decisivo para posicionarse con fuerza en el segmento de seguros colectivos. Hablamos con Mar\u00eda Victoria O\u00f1ate, directora de Colectivos de Aegon, sobre los \u00faltimos cambios organizativos y el valor que aporta la compa\u00f1\u00eda a mediadores, empresas y empleados.<\/p>\n","protected":false},"author":0,"featured_media":5869,"comment_status":"open","ping_status":"open","sticky":false,"template":"","format":"standard","meta":{"footnotes":""},"categories":[21],"tags":[],"class_list":["post-5872","post","type-post","status-publish","format-standard","has-post-thumbnail","hentry","category-entrevistas"],"yoast_head":"<!-- This site is optimized with the Yoast SEO plugin v27.4 - https:\/\/yoast.com\/product\/yoast-seo-wordpress\/ -->\n<title>Mar\u00eda victoria O\u00f1ate, directora de colectivos de Aegon: &quot;Hemos dise\u00f1ado una estructura que responde a lo que los mediadores y las empresas necesitan hoy&quot; - Canal Mediadores - Aegon Seguros de Vida y Salud<\/title>\n<meta name=\"robots\" content=\"index, follow, max-snippet:-1, max-image-preview:large, max-video-preview:-1\" \/>\n<link rel=\"canonical\" href=\"https:\/\/www.segurosaegon.com\/canalmediadores\/2025\/05\/21\/maria-victoria-onate-directora-de-colectivos-de-aegon-hemos-disenado-una-estructura-que-responde-a-lo-que-los-mediadores-y-las-empresas-necesitan-hoy\/\" \/>\n<meta property=\"og:locale\" content=\"es_ES\" \/>\n<meta property=\"og:type\" content=\"article\" \/>\n<meta property=\"og:title\" content=\"Mar\u00eda victoria O\u00f1ate, directora de colectivos de Aegon: &quot;Hemos dise\u00f1ado una estructura que responde a lo que los mediadores y las empresas necesitan hoy&quot; - Canal Mediadores - Aegon Seguros de Vida y Salud\" \/>\n<meta property=\"og:description\" content=\"Con m\u00e1s de 40 a\u00f1os de experiencia en el mercado espa\u00f1ol, Aegon ha dado un paso decisivo para posicionarse con fuerza en el segmento de seguros colectivos. Hablamos con Mar\u00eda Victoria O\u00f1ate, directora de Colectivos de Aegon, sobre los \u00faltimos cambios organizativos y el valor que aporta la compa\u00f1\u00eda a mediadores, empresas y empleados.\" \/>\n<meta property=\"og:url\" content=\"https:\/\/www.segurosaegon.com\/canalmediadores\/2025\/05\/21\/maria-victoria-onate-directora-de-colectivos-de-aegon-hemos-disenado-una-estructura-que-responde-a-lo-que-los-mediadores-y-las-empresas-necesitan-hoy\/\" \/>\n<meta property=\"og:site_name\" content=\"Canal Mediadores - Aegon Seguros de Vida y Salud\" \/>\n<meta property=\"article:published_time\" content=\"2025-05-21T10:10:13+00:00\" \/>\n<meta property=\"article:modified_time\" content=\"2025-07-16T07:45:36+00:00\" \/>\n<meta property=\"og:image\" content=\"https:\/\/www.segurosaegon.com\/canalmediadores\/wp-content\/uploads\/sites\/40\/2025\/05\/Noticia-1.avif\" \/>\n\t<meta property=\"og:image:width\" content=\"2048\" \/>\n\t<meta property=\"og:image:height\" content=\"1531\" \/>\n\t<meta property=\"og:image:type\" content=\"image\/png\" \/>\n<meta name=\"twitter:card\" content=\"summary_large_image\" \/>\n<meta name=\"twitter:label1\" content=\"Tiempo de lectura\" \/>\n\t<meta name=\"twitter:data1\" content=\"5 minutos\" \/>\n<script type=\"application\/ld+json\" class=\"yoast-schema-graph\">{\"@context\":\"https:\\\/\\\/schema.org\",\"@graph\":[{\"@type\":\"Article\",\"@id\":\"https:\\\/\\\/www.segurosaegon.com\\\/canalmediadores\\\/2025\\\/05\\\/21\\\/maria-victoria-onate-directora-de-colectivos-de-aegon-hemos-disenado-una-estructura-que-responde-a-lo-que-los-mediadores-y-las-empresas-necesitan-hoy\\\/#article\",\"isPartOf\":{\"@id\":\"https:\\\/\\\/www.segurosaegon.com\\\/canalmediadores\\\/2025\\\/05\\\/21\\\/maria-victoria-onate-directora-de-colectivos-de-aegon-hemos-disenado-una-estructura-que-responde-a-lo-que-los-mediadores-y-las-empresas-necesitan-hoy\\\/\"},\"author\":{\"name\":\"\",\"@id\":\"\"},\"headline\":\"Mar\u00eda victoria O\u00f1ate, directora de colectivos de Aegon: \u00abHemos dise\u00f1ado una estructura que responde a lo que los mediadores y las empresas necesitan hoy\u00bb\",\"datePublished\":\"2025-05-21T10:10:13+00:00\",\"dateModified\":\"2025-07-16T07:45:36+00:00\",\"mainEntityOfPage\":{\"@id\":\"https:\\\/\\\/www.segurosaegon.com\\\/canalmediadores\\\/2025\\\/05\\\/21\\\/maria-victoria-onate-directora-de-colectivos-de-aegon-hemos-disenado-una-estructura-que-responde-a-lo-que-los-mediadores-y-las-empresas-necesitan-hoy\\\/\"},\"wordCount\":1051,\"commentCount\":0,\"publisher\":{\"@id\":\"https:\\\/\\\/www.segurosaegon.com\\\/canalmediadores\\\/#organization\"},\"image\":{\"@id\":\"https:\\\/\\\/www.segurosaegon.com\\\/canalmediadores\\\/2025\\\/05\\\/21\\\/maria-victoria-onate-directora-de-colectivos-de-aegon-hemos-disenado-una-estructura-que-responde-a-lo-que-los-mediadores-y-las-empresas-necesitan-hoy\\\/#primaryimage\"},\"thumbnailUrl\":\"https:\\\/\\\/www.segurosaegon.com\\\/canalmediadores\\\/wp-content\\\/uploads\\\/sites\\\/40\\\/2025\\\/05\\\/Noticia-1.avif\",\"articleSection\":[\"ENTREVISTAS\"],\"inLanguage\":\"es\",\"potentialAction\":[{\"@type\":\"CommentAction\",\"name\":\"Comment\",\"target\":[\"https:\\\/\\\/www.segurosaegon.com\\\/canalmediadores\\\/2025\\\/05\\\/21\\\/maria-victoria-onate-directora-de-colectivos-de-aegon-hemos-disenado-una-estructura-que-responde-a-lo-que-los-mediadores-y-las-empresas-necesitan-hoy\\\/#respond\"]}]},{\"@type\":\"WebPage\",\"@id\":\"https:\\\/\\\/www.segurosaegon.com\\\/canalmediadores\\\/2025\\\/05\\\/21\\\/maria-victoria-onate-directora-de-colectivos-de-aegon-hemos-disenado-una-estructura-que-responde-a-lo-que-los-mediadores-y-las-empresas-necesitan-hoy\\\/\",\"url\":\"https:\\\/\\\/www.segurosaegon.com\\\/canalmediadores\\\/2025\\\/05\\\/21\\\/maria-victoria-onate-directora-de-colectivos-de-aegon-hemos-disenado-una-estructura-que-responde-a-lo-que-los-mediadores-y-las-empresas-necesitan-hoy\\\/\",\"name\":\"Mar\u00eda victoria O\u00f1ate, directora de colectivos de Aegon: \\\"Hemos dise\u00f1ado una estructura que responde a lo que los mediadores y las empresas necesitan hoy\\\" - Canal Mediadores - Aegon Seguros de Vida y Salud\",\"isPartOf\":{\"@id\":\"https:\\\/\\\/www.segurosaegon.com\\\/canalmediadores\\\/#website\"},\"primaryImageOfPage\":{\"@id\":\"https:\\\/\\\/www.segurosaegon.com\\\/canalmediadores\\\/2025\\\/05\\\/21\\\/maria-victoria-onate-directora-de-colectivos-de-aegon-hemos-disenado-una-estructura-que-responde-a-lo-que-los-mediadores-y-las-empresas-necesitan-hoy\\\/#primaryimage\"},\"image\":{\"@id\":\"https:\\\/\\\/www.segurosaegon.com\\\/canalmediadores\\\/2025\\\/05\\\/21\\\/maria-victoria-onate-directora-de-colectivos-de-aegon-hemos-disenado-una-estructura-que-responde-a-lo-que-los-mediadores-y-las-empresas-necesitan-hoy\\\/#primaryimage\"},\"thumbnailUrl\":\"https:\\\/\\\/www.segurosaegon.com\\\/canalmediadores\\\/wp-content\\\/uploads\\\/sites\\\/40\\\/2025\\\/05\\\/Noticia-1.avif\",\"datePublished\":\"2025-05-21T10:10:13+00:00\",\"dateModified\":\"2025-07-16T07:45:36+00:00\",\"breadcrumb\":{\"@id\":\"https:\\\/\\\/www.segurosaegon.com\\\/canalmediadores\\\/2025\\\/05\\\/21\\\/maria-victoria-onate-directora-de-colectivos-de-aegon-hemos-disenado-una-estructura-que-responde-a-lo-que-los-mediadores-y-las-empresas-necesitan-hoy\\\/#breadcrumb\"},\"inLanguage\":\"es\",\"potentialAction\":[{\"@type\":\"ReadAction\",\"target\":[\"https:\\\/\\\/www.segurosaegon.com\\\/canalmediadores\\\/2025\\\/05\\\/21\\\/maria-victoria-onate-directora-de-colectivos-de-aegon-hemos-disenado-una-estructura-que-responde-a-lo-que-los-mediadores-y-las-empresas-necesitan-hoy\\\/\"]}]},{\"@type\":\"ImageObject\",\"inLanguage\":\"es\",\"@id\":\"https:\\\/\\\/www.segurosaegon.com\\\/canalmediadores\\\/2025\\\/05\\\/21\\\/maria-victoria-onate-directora-de-colectivos-de-aegon-hemos-disenado-una-estructura-que-responde-a-lo-que-los-mediadores-y-las-empresas-necesitan-hoy\\\/#primaryimage\",\"url\":\"https:\\\/\\\/www.segurosaegon.com\\\/canalmediadores\\\/wp-content\\\/uploads\\\/sites\\\/40\\\/2025\\\/05\\\/Noticia-1.avif\",\"contentUrl\":\"https:\\\/\\\/www.segurosaegon.com\\\/canalmediadores\\\/wp-content\\\/uploads\\\/sites\\\/40\\\/2025\\\/05\\\/Noticia-1.avif\",\"width\":2048,\"height\":1531},{\"@type\":\"BreadcrumbList\",\"@id\":\"https:\\\/\\\/www.segurosaegon.com\\\/canalmediadores\\\/2025\\\/05\\\/21\\\/maria-victoria-onate-directora-de-colectivos-de-aegon-hemos-disenado-una-estructura-que-responde-a-lo-que-los-mediadores-y-las-empresas-necesitan-hoy\\\/#breadcrumb\",\"itemListElement\":[{\"@type\":\"ListItem\",\"position\":1,\"name\":\"Portada\",\"item\":\"https:\\\/\\\/www.segurosaegon.com\\\/canalmediadores\\\/\"},{\"@type\":\"ListItem\",\"position\":2,\"name\":\"Mar\u00eda victoria O\u00f1ate, directora de colectivos de Aegon: \u00abHemos dise\u00f1ado una estructura que responde a lo que los mediadores y las empresas necesitan hoy\u00bb\"}]},{\"@type\":\"WebSite\",\"@id\":\"https:\\\/\\\/www.segurosaegon.com\\\/canalmediadores\\\/#website\",\"url\":\"https:\\\/\\\/www.segurosaegon.com\\\/canalmediadores\\\/\",\"name\":\"Canal Mediadores - Aegon Seguros de Vida y Salud\",\"description\":\"\",\"publisher\":{\"@id\":\"https:\\\/\\\/www.segurosaegon.com\\\/canalmediadores\\\/#organization\"},\"potentialAction\":[{\"@type\":\"SearchAction\",\"target\":{\"@type\":\"EntryPoint\",\"urlTemplate\":\"https:\\\/\\\/www.segurosaegon.com\\\/canalmediadores\\\/?s={search_term_string}\"},\"query-input\":{\"@type\":\"PropertyValueSpecification\",\"valueRequired\":true,\"valueName\":\"search_term_string\"}}],\"inLanguage\":\"es\"},{\"@type\":\"Organization\",\"@id\":\"https:\\\/\\\/www.segurosaegon.com\\\/canalmediadores\\\/#organization\",\"name\":\"Canal Mediadores - Aegon Seguros de Vida y Salud\",\"url\":\"https:\\\/\\\/www.segurosaegon.com\\\/canalmediadores\\\/\",\"logo\":{\"@type\":\"ImageObject\",\"inLanguage\":\"es\",\"@id\":\"https:\\\/\\\/www.segurosaegon.com\\\/canalmediadores\\\/#\\\/schema\\\/logo\\\/image\\\/\",\"url\":\"https:\\\/\\\/www.segurosaegon.com\\\/canalmediadores\\\/wp-content\\\/uploads\\\/sites\\\/40\\\/2024\\\/06\\\/Aegon_Logo_2024_PEQv2.png\",\"contentUrl\":\"https:\\\/\\\/www.segurosaegon.com\\\/canalmediadores\\\/wp-content\\\/uploads\\\/sites\\\/40\\\/2024\\\/06\\\/Aegon_Logo_2024_PEQv2.png\",\"width\":147,\"height\":39,\"caption\":\"Canal Mediadores - Aegon Seguros de Vida y Salud\"},\"image\":{\"@id\":\"https:\\\/\\\/www.segurosaegon.com\\\/canalmediadores\\\/#\\\/schema\\\/logo\\\/image\\\/\"}}]}<\/script>\n<!-- \/ Yoast SEO plugin. -->","yoast_head_json":{"title":"Mar\u00eda victoria O\u00f1ate, directora de colectivos de Aegon: \"Hemos dise\u00f1ado una estructura que responde a lo que los mediadores y las empresas necesitan hoy\" - Canal Mediadores - Aegon Seguros de Vida y Salud","robots":{"index":"index","follow":"follow","max-snippet":"max-snippet:-1","max-image-preview":"max-image-preview:large","max-video-preview":"max-video-preview:-1"},"canonical":"https:\/\/www.segurosaegon.com\/canalmediadores\/2025\/05\/21\/maria-victoria-onate-directora-de-colectivos-de-aegon-hemos-disenado-una-estructura-que-responde-a-lo-que-los-mediadores-y-las-empresas-necesitan-hoy\/","og_locale":"es_ES","og_type":"article","og_title":"Mar\u00eda victoria O\u00f1ate, directora de colectivos de Aegon: \"Hemos dise\u00f1ado una estructura que responde a lo que los mediadores y las empresas necesitan hoy\" - Canal Mediadores - Aegon Seguros de Vida y Salud","og_description":"Con m\u00e1s de 40 a\u00f1os de experiencia en el mercado espa\u00f1ol, Aegon ha dado un paso decisivo para posicionarse con fuerza en el segmento de seguros colectivos. Hablamos con Mar\u00eda Victoria O\u00f1ate, directora de Colectivos de Aegon, sobre los \u00faltimos cambios organizativos y el valor que aporta la compa\u00f1\u00eda a mediadores, empresas y empleados.","og_url":"https:\/\/www.segurosaegon.com\/canalmediadores\/2025\/05\/21\/maria-victoria-onate-directora-de-colectivos-de-aegon-hemos-disenado-una-estructura-que-responde-a-lo-que-los-mediadores-y-las-empresas-necesitan-hoy\/","og_site_name":"Canal Mediadores - Aegon Seguros de Vida y Salud","article_published_time":"2025-05-21T10:10:13+00:00","article_modified_time":"2025-07-16T07:45:36+00:00","og_image":[{"width":2048,"height":1531,"url":"https:\/\/www.segurosaegon.com\/canalmediadores\/wp-content\/uploads\/sites\/40\/2025\/05\/Noticia-1.avif","type":"image\/png"}],"twitter_card":"summary_large_image","twitter_misc":{"Tiempo de lectura":"5 minutos"},"schema":{"@context":"https:\/\/schema.org","@graph":[{"@type":"Article","@id":"https:\/\/www.segurosaegon.com\/canalmediadores\/2025\/05\/21\/maria-victoria-onate-directora-de-colectivos-de-aegon-hemos-disenado-una-estructura-que-responde-a-lo-que-los-mediadores-y-las-empresas-necesitan-hoy\/#article","isPartOf":{"@id":"https:\/\/www.segurosaegon.com\/canalmediadores\/2025\/05\/21\/maria-victoria-onate-directora-de-colectivos-de-aegon-hemos-disenado-una-estructura-que-responde-a-lo-que-los-mediadores-y-las-empresas-necesitan-hoy\/"},"author":{"name":"","@id":""},"headline":"Mar\u00eda victoria O\u00f1ate, directora de colectivos de Aegon: \u00abHemos dise\u00f1ado una estructura que responde a lo que los mediadores y las empresas necesitan hoy\u00bb","datePublished":"2025-05-21T10:10:13+00:00","dateModified":"2025-07-16T07:45:36+00:00","mainEntityOfPage":{"@id":"https:\/\/www.segurosaegon.com\/canalmediadores\/2025\/05\/21\/maria-victoria-onate-directora-de-colectivos-de-aegon-hemos-disenado-una-estructura-que-responde-a-lo-que-los-mediadores-y-las-empresas-necesitan-hoy\/"},"wordCount":1051,"commentCount":0,"publisher":{"@id":"https:\/\/www.segurosaegon.com\/canalmediadores\/#organization"},"image":{"@id":"https:\/\/www.segurosaegon.com\/canalmediadores\/2025\/05\/21\/maria-victoria-onate-directora-de-colectivos-de-aegon-hemos-disenado-una-estructura-que-responde-a-lo-que-los-mediadores-y-las-empresas-necesitan-hoy\/#primaryimage"},"thumbnailUrl":"https:\/\/www.segurosaegon.com\/canalmediadores\/wp-content\/uploads\/sites\/40\/2025\/05\/Noticia-1.avif","articleSection":["ENTREVISTAS"],"inLanguage":"es","potentialAction":[{"@type":"CommentAction","name":"Comment","target":["https:\/\/www.segurosaegon.com\/canalmediadores\/2025\/05\/21\/maria-victoria-onate-directora-de-colectivos-de-aegon-hemos-disenado-una-estructura-que-responde-a-lo-que-los-mediadores-y-las-empresas-necesitan-hoy\/#respond"]}]},{"@type":"WebPage","@id":"https:\/\/www.segurosaegon.com\/canalmediadores\/2025\/05\/21\/maria-victoria-onate-directora-de-colectivos-de-aegon-hemos-disenado-una-estructura-que-responde-a-lo-que-los-mediadores-y-las-empresas-necesitan-hoy\/","url":"https:\/\/www.segurosaegon.com\/canalmediadores\/2025\/05\/21\/maria-victoria-onate-directora-de-colectivos-de-aegon-hemos-disenado-una-estructura-que-responde-a-lo-que-los-mediadores-y-las-empresas-necesitan-hoy\/","name":"Mar\u00eda victoria O\u00f1ate, directora de colectivos de Aegon: \"Hemos dise\u00f1ado una estructura que responde a lo que los mediadores y las empresas necesitan hoy\" - Canal Mediadores - Aegon Seguros de Vida y Salud","isPartOf":{"@id":"https:\/\/www.segurosaegon.com\/canalmediadores\/#website"},"primaryImageOfPage":{"@id":"https:\/\/www.segurosaegon.com\/canalmediadores\/2025\/05\/21\/maria-victoria-onate-directora-de-colectivos-de-aegon-hemos-disenado-una-estructura-que-responde-a-lo-que-los-mediadores-y-las-empresas-necesitan-hoy\/#primaryimage"},"image":{"@id":"https:\/\/www.segurosaegon.com\/canalmediadores\/2025\/05\/21\/maria-victoria-onate-directora-de-colectivos-de-aegon-hemos-disenado-una-estructura-que-responde-a-lo-que-los-mediadores-y-las-empresas-necesitan-hoy\/#primaryimage"},"thumbnailUrl":"https:\/\/www.segurosaegon.com\/canalmediadores\/wp-content\/uploads\/sites\/40\/2025\/05\/Noticia-1.avif","datePublished":"2025-05-21T10:10:13+00:00","dateModified":"2025-07-16T07:45:36+00:00","breadcrumb":{"@id":"https:\/\/www.segurosaegon.com\/canalmediadores\/2025\/05\/21\/maria-victoria-onate-directora-de-colectivos-de-aegon-hemos-disenado-una-estructura-que-responde-a-lo-que-los-mediadores-y-las-empresas-necesitan-hoy\/#breadcrumb"},"inLanguage":"es","potentialAction":[{"@type":"ReadAction","target":["https:\/\/www.segurosaegon.com\/canalmediadores\/2025\/05\/21\/maria-victoria-onate-directora-de-colectivos-de-aegon-hemos-disenado-una-estructura-que-responde-a-lo-que-los-mediadores-y-las-empresas-necesitan-hoy\/"]}]},{"@type":"ImageObject","inLanguage":"es","@id":"https:\/\/www.segurosaegon.com\/canalmediadores\/2025\/05\/21\/maria-victoria-onate-directora-de-colectivos-de-aegon-hemos-disenado-una-estructura-que-responde-a-lo-que-los-mediadores-y-las-empresas-necesitan-hoy\/#primaryimage","url":"https:\/\/www.segurosaegon.com\/canalmediadores\/wp-content\/uploads\/sites\/40\/2025\/05\/Noticia-1.avif","contentUrl":"https:\/\/www.segurosaegon.com\/canalmediadores\/wp-content\/uploads\/sites\/40\/2025\/05\/Noticia-1.avif","width":2048,"height":1531},{"@type":"BreadcrumbList","@id":"https:\/\/www.segurosaegon.com\/canalmediadores\/2025\/05\/21\/maria-victoria-onate-directora-de-colectivos-de-aegon-hemos-disenado-una-estructura-que-responde-a-lo-que-los-mediadores-y-las-empresas-necesitan-hoy\/#breadcrumb","itemListElement":[{"@type":"ListItem","position":1,"name":"Portada","item":"https:\/\/www.segurosaegon.com\/canalmediadores\/"},{"@type":"ListItem","position":2,"name":"Mar\u00eda victoria O\u00f1ate, directora de colectivos de Aegon: \u00abHemos dise\u00f1ado una estructura que responde a lo que los mediadores y las empresas necesitan hoy\u00bb"}]},{"@type":"WebSite","@id":"https:\/\/www.segurosaegon.com\/canalmediadores\/#website","url":"https:\/\/www.segurosaegon.com\/canalmediadores\/","name":"Canal Mediadores - Aegon Seguros de Vida y Salud","description":"","publisher":{"@id":"https:\/\/www.segurosaegon.com\/canalmediadores\/#organization"},"potentialAction":[{"@type":"SearchAction","target":{"@type":"EntryPoint","urlTemplate":"https:\/\/www.segurosaegon.com\/canalmediadores\/?s={search_term_string}"},"query-input":{"@type":"PropertyValueSpecification","valueRequired":true,"valueName":"search_term_string"}}],"inLanguage":"es"},{"@type":"Organization","@id":"https:\/\/www.segurosaegon.com\/canalmediadores\/#organization","name":"Canal Mediadores - Aegon Seguros de Vida y Salud","url":"https:\/\/www.segurosaegon.com\/canalmediadores\/","logo":{"@type":"ImageObject","inLanguage":"es","@id":"https:\/\/www.segurosaegon.com\/canalmediadores\/#\/schema\/logo\/image\/","url":"https:\/\/www.segurosaegon.com\/canalmediadores\/wp-content\/uploads\/sites\/40\/2024\/06\/Aegon_Logo_2024_PEQv2.png","contentUrl":"https:\/\/www.segurosaegon.com\/canalmediadores\/wp-content\/uploads\/sites\/40\/2024\/06\/Aegon_Logo_2024_PEQv2.png","width":147,"height":39,"caption":"Canal Mediadores - Aegon Seguros de Vida y Salud"},"image":{"@id":"https:\/\/www.segurosaegon.com\/canalmediadores\/#\/schema\/logo\/image\/"}}]}},"_links":{"self":[{"href":"https:\/\/www.segurosaegon.com\/canalmediadores\/wp-json\/wp\/v2\/posts\/5872","targetHints":{"allow":["GET"]}}],"collection":[{"href":"https:\/\/www.segurosaegon.com\/canalmediadores\/wp-json\/wp\/v2\/posts"}],"about":[{"href":"https:\/\/www.segurosaegon.com\/canalmediadores\/wp-json\/wp\/v2\/types\/post"}],"replies":[{"embeddable":true,"href":"https:\/\/www.segurosaegon.com\/canalmediadores\/wp-json\/wp\/v2\/comments?post=5872"}],"version-history":[{"count":1,"href":"https:\/\/www.segurosaegon.com\/canalmediadores\/wp-json\/wp\/v2\/posts\/5872\/revisions"}],"predecessor-version":[{"id":5873,"href":"https:\/\/www.segurosaegon.com\/canalmediadores\/wp-json\/wp\/v2\/posts\/5872\/revisions\/5873"}],"wp:featuredmedia":[{"embeddable":true,"href":"https:\/\/www.segurosaegon.com\/canalmediadores\/wp-json\/wp\/v2\/media\/5869"}],"wp:attachment":[{"href":"https:\/\/www.segurosaegon.com\/canalmediadores\/wp-json\/wp\/v2\/media?parent=5872"}],"wp:term":[{"taxonomy":"category","embeddable":true,"href":"https:\/\/www.segurosaegon.com\/canalmediadores\/wp-json\/wp\/v2\/categories?post=5872"},{"taxonomy":"post_tag","embeddable":true,"href":"https:\/\/www.segurosaegon.com\/canalmediadores\/wp-json\/wp\/v2\/tags?post=5872"}],"curies":[{"name":"wp","href":"https:\/\/api.w.org\/{rel}","templated":true}]}}