{"id":5896,"date":"2025-06-20T13:24:22","date_gmt":"2025-06-20T11:24:22","guid":{"rendered":"https:\/\/www.segurosaegon.com\/canalmediadores\/?p=5896"},"modified":"2025-10-09T09:00:37","modified_gmt":"2025-10-09T07:00:37","slug":"entrevista-a-laura-del-portillo-responsable-territorial-de-negocio-colectivo-de-aragon-cataluna-comunidad-valenciana-murcia-e-islas-baleares-en-aegon","status":"publish","type":"post","link":"https:\/\/www.segurosaegon.com\/canalmediadores\/2025\/06\/20\/entrevista-a-laura-del-portillo-responsable-territorial-de-negocio-colectivo-de-aragon-cataluna-comunidad-valenciana-murcia-e-islas-baleares-en-aegon\/","title":{"rendered":"Entrevista a Laura del Portillo, Responsable territorial de negocio Colectivo de Arag\u00f3n, Catalu\u00f1a, Comunidad Valenciana, Murcia e Islas Baleares en Aegon"},"content":{"rendered":"\n<h2 class=\"wp-block-heading has-custom-warm-black-color has-text-color has-link-color has-forever-forma-heading-font-family wp-elements-ba7d53a2afd8e846827df963f725915d\" style=\"padding-top:20px;font-size:clamp(16.293px, 1.018rem + ((1vw - 3.2px) * 0.989), 25px);font-style:normal;font-weight:700\">1. <strong>\u00bfC\u00f3mo ha influido la presencia de Aegon en la zona este en el desarrollo y \u00e9xito de los seguros colectivos para las empresas de esta \u00e1rea?<\/strong><\/h2>\n\n\n\n<p class=\"has-custom-warm-black-color has-text-color has-link-color has-forever-forma-body-text-font-family wp-elements-ee355c6b94418b99185c902454dc8c08\" style=\"font-size:clamp(14px, 0.875rem + ((1vw - 3.2px) * 0.341), 17px);line-height:1.2\">La zona este es clave tanto por su dinamismo empresarial como por el papel estrat\u00e9gico que desempe\u00f1an los mediadores en el tejido asegurador local. Desde Aegon apostamos decididamente por seguir reforzando nuestra presencia territorial y ofrecer un acompa\u00f1amiento cercano y personalizado. Estar en el territorio nos permite conocer de primera mano las necesidades de las corredur\u00edas y adaptarnos con mayor agilidad. Y esto, sin duda, marca la diferencia.<\/p>\n\n\n\n<p class=\"has-custom-warm-black-color has-text-color has-link-color has-forever-forma-body-text-font-family wp-elements-ddee92468d1e059febed16afe060e444\" style=\"font-size:clamp(14px, 0.875rem + ((1vw - 3.2px) * 0.341), 17px);line-height:1.2\">Hemos trabajado estrechamente con los mediadores de las distintas regiones para adaptarnos a las particularidades de cada mercado. Estas colaboraciones han resultado en una oferta de seguros colectivos que no solo cumple con las expectativas de las empresas, sino que tambi\u00e9n les proporciona un valor a\u00f1adido significativo.<\/p>\n\n\n\n<p class=\"has-custom-warm-black-color has-text-color has-link-color has-forever-forma-body-text-font-family wp-elements-527a6902a75effced9ab536c2a6b1ae0\" style=\"font-size:clamp(14px, 0.875rem + ((1vw - 3.2px) * 0.341), 17px);line-height:1.2\">Adem\u00e1s, nuestra presencia local nos permite ofrecer un servicio m\u00e1s personalizado y \u00e1gil, lo que ha sido clave para ganar la confianza de nuestros clientes y mediadores. Esta proximidad nos ha permitido responder de manera m\u00e1s eficiente a las demandas del mercado y fortalecer nuestras relaciones con los mediadores, asegurando as\u00ed el \u00e9xito continuo de nuestros seguros colectivos en la regi\u00f3n.<\/p>\n\n\n\n<h2 class=\"wp-block-heading has-custom-warm-black-color has-text-color has-link-color has-forever-forma-heading-font-family wp-elements-4f52f08ac7b6ea99f8739ddf10cbff95\" style=\"padding-top:20px;font-size:clamp(16.293px, 1.018rem + ((1vw - 3.2px) * 0.989), 25px);font-style:normal;font-weight:700\">2. \u00bfC\u00f3mo maneja Aegon la competencia en el sector de seguros de salud y vida, y qu\u00e9 diferencia a la compa\u00f1\u00eda de otros actores del mercado?<\/h2>\n\n\n\n<p class=\"has-custom-warm-black-color has-text-color has-link-color has-forever-forma-body-text-font-family wp-elements-773d44cc440c375a5ca68dec1a4ed601\" style=\"font-size:clamp(14px, 0.875rem + ((1vw - 3.2px) * 0.341), 17px);line-height:1.2\">La competencia en nuestro sector es inmensa, pero en <em>Aegon <\/em>nos diferenciamos por nuestro enfoque en el cuidado de las personas y nuestra colaboraci\u00f3n estrecha con los mediadores. Nuestra raz\u00f3n de ser, \u00ab<em>personas que cuidan de personas<\/em>\u00ab, no es solo una frase, sino una filosof\u00eda que gu\u00eda todas nuestras acciones. Adem\u00e1s, nuestra experiencia de m\u00e1s de 40 a\u00f1os y nuestro compromiso con la innovaci\u00f3n nos permiten ofrecer productos y servicios de alta calidad que realmente marcan la diferencia.<\/p>\n\n\n\n<p class=\"has-custom-warm-black-color has-text-color has-link-color has-forever-forma-body-text-font-family wp-elements-7e20fe3a77082748d368a2387c09cf65\" style=\"font-size:clamp(14px, 0.875rem + ((1vw - 3.2px) * 0.341), 17px);line-height:1.2\">En el caso de los seguros colectivos, esto significa que trabajamos estrechamente con las empresas para entender sus necesidades espec\u00edficas y dise\u00f1ar soluciones que realmente marquen la diferencia para sus empleados. Nuestro objetivo es que cada empleado se sienta valorado y cuidado, lo cual se traduce en una mayor satisfacci\u00f3n y lealtad hacia la empresa. Adem\u00e1s, estamos muy orgullosos de haber sido elegidos por sexto a\u00f1o consecutivo como el mejor servicio de atenci\u00f3n al cliente en productos de salud y por cuarto a\u00f1o en vida.<\/p>\n\n\n\n<p class=\"has-custom-warm-black-color has-text-color has-link-color has-forever-forma-body-text-font-family wp-elements-2430bfc1d641e1d2fabe3f7be7c4a465\" style=\"font-size:clamp(14px, 0.875rem + ((1vw - 3.2px) * 0.341), 17px);line-height:1.2\">Adem\u00e1s, nuestro seguro de colectivos ofrece m\u00faltiples ventajas, como el f\u00e1cil acceso a pruebas m\u00e9dicas, acceso directo a especialistas, beneficios fiscales, libre elecci\u00f3n de m\u00e9dicos y especialistas con horarios flexibles, hospitalizaci\u00f3n individual y programas de medicina preventiva, as\u00ed como el<em> Pack Bienestar<\/em> de Empleados y el acceso a Telemedicina.<\/p>\n\n\n\n<h2 class=\"wp-block-heading has-custom-warm-black-color has-text-color has-link-color has-forever-forma-heading-font-family wp-elements-c5d44e721ac28cb3d077f19acadd0bb2\" style=\"padding-top:20px;font-size:clamp(16.293px, 1.018rem + ((1vw - 3.2px) * 0.989), 25px);font-style:normal;font-weight:700\">3. \u00bfC\u00f3mo est\u00e1 organizada la estructura en la regi\u00f3n para dar respuesta a mediadores y empresas?<\/h2>\n\n\n\n<p class=\"has-custom-warm-black-color has-text-color has-link-color has-forever-forma-body-text-font-family wp-elements-db4d5d58dc132ee6d1a05e5117fd2687\" style=\"font-size:clamp(14px, 0.875rem + ((1vw - 3.2px) * 0.341), 17px);line-height:1.2\">Hemos apostado por un modelo de colaboraci\u00f3n que est\u00e1 dando muy buenos resultados: un equipo mixto en el que conviven profesionales expertos en colectivos con gerentes especializados en mediaci\u00f3n. De esta manera el negocio de colectivos se apalanca, da soporte y coordina bajo las directrices del director territorial de mediaci\u00f3n.<\/p>\n\n\n\n<p class=\"has-custom-warm-black-color has-text-color has-link-color has-forever-forma-body-text-font-family wp-elements-67f6a08ccb4412eed5584b4ceee89a7d\" style=\"font-size:clamp(14px, 0.875rem + ((1vw - 3.2px) * 0.341), 17px);line-height:1.2\">Esta estructura nos permite aportar una visi\u00f3n completa y coordinada, unificando esfuerzos y ofreciendo una \u00fanica voz al mediador. As\u00ed conseguimos que la experiencia del partner con <em>Aegon <\/em>sea fluida, cercana y orientada a resultados.<\/p>\n\n\n\n<h2 class=\"wp-block-heading has-custom-warm-black-color has-text-color has-link-color has-forever-forma-heading-font-family wp-elements-1f4a603c74d12955c736de15582ce1bf\" style=\"padding-top:20px;font-size:clamp(16.293px, 1.018rem + ((1vw - 3.2px) * 0.989), 25px);font-style:normal;font-weight:700\">4. \u00bfQu\u00e9 destacar\u00edas de la propuesta de valor de Aegon para los mediadores?<\/h2>\n\n\n\n<p class=\"has-custom-warm-black-color has-text-color has-link-color has-forever-forma-body-text-font-family wp-elements-9ccc4caff58615bd3ec762eac4b43d8c\" style=\"font-size:clamp(14px, 0.875rem + ((1vw - 3.2px) * 0.341), 17px);line-height:1.2\">En <em>Aegon <\/em>llevamos m\u00e1s de 40 a\u00f1os construyendo relaciones de confianza con los mediadores. Nos enfocamos en ofrecer productos competitivos, herramientas digitales de primer nivel y un acompa\u00f1amiento t\u00e9cnico y comercial que se adapta al tama\u00f1o y necesidades de cada corredur\u00eda. Pero lo m\u00e1s importante es que escuchamos, entendemos y actuamos con agilidad. Queremos ser un socio estrat\u00e9gico, no solo un proveedor.<\/p>\n\n\n\n<p class=\"has-custom-warm-black-color has-text-color has-link-color has-forever-forma-body-text-font-family wp-elements-f6d0a83b72b93e2a09321e4ff8fb8fff\" style=\"font-size:clamp(14px, 0.875rem + ((1vw - 3.2px) * 0.341), 17px);line-height:1.2\">Adem\u00e1s, creemos firmemente en la formaci\u00f3n continua. Ofrecemos una amplia gama de recursos educativos, incluyendo talleres, seminarios web y cursos en l\u00ednea. Adem\u00e1s, proporcionamos acceso a herramientas digitales avanzadas que facilitan la gesti\u00f3n de clientes y la venta de productos. Nuestro objetivo es empoderar a los mediadores con el conocimiento y las habilidades necesarias para destacar en un mercado competitivo.<\/p>\n\n\n\n<h2 class=\"wp-block-heading has-custom-warm-black-color has-text-color has-link-color has-forever-forma-heading-font-family wp-elements-603c3d45ec9b306386c855dbd44721f2\" style=\"padding-top:20px;font-size:clamp(16.293px, 1.018rem + ((1vw - 3.2px) * 0.989), 25px);font-style:normal;font-weight:700\">5. Los seguros colectivos est\u00e1n ganando protagonismo en las empresas. \u00bfQu\u00e9 oportunidades ofrece este segmento?<\/h2>\n\n\n\n<p class=\"has-custom-warm-black-color has-text-color has-link-color has-forever-forma-body-text-font-family wp-elements-625fee62ae0c7afafa8c9c6e093d45ed\" style=\"font-size:clamp(14px, 0.875rem + ((1vw - 3.2px) * 0.341), 17px);line-height:1.2\">Much\u00edsimas, el crecimiento de los seguros privados de salud en Espa\u00f1a se debe en parte a la b\u00fasqueda de alternativas a la sanidad p\u00fablica, que enfrenta desaf\u00edos como listas de espera prolongadas y saturaci\u00f3n en ciertos servicios especializados. Cada vez m\u00e1s empresas est\u00e1n poniendo foco en el bienestar f\u00edsico y mental de sus empleados. Para un 42% de los empleados el seguro de salud es uno de los beneficios m\u00e1s valorados.<\/p>\n\n\n\n<p class=\"has-custom-warm-black-color has-text-color has-link-color has-forever-forma-body-text-font-family wp-elements-334d3061cbd643a379fade93ef244f21\" style=\"font-size:clamp(14px, 0.875rem + ((1vw - 3.2px) * 0.341), 17px);line-height:1.2\">Cada vez m\u00e1s empresas, tambi\u00e9n pymes, est\u00e1n incorporando seguros de salud dentro de su propuesta de beneficios para empleados. Y ah\u00ed el mediador juega un papel fundamental, tanto en el asesoramiento como en la personalizaci\u00f3n de las soluciones.<\/p>\n\n\n\n<h2 class=\"wp-block-heading has-custom-warm-black-color has-text-color has-link-color has-forever-forma-heading-font-family wp-elements-cc155c1d0e0a5ec1e1a04c7458b2f5c6\" style=\"padding-top:20px;font-size:clamp(16.293px, 1.018rem + ((1vw - 3.2px) * 0.989), 25px);font-style:normal;font-weight:700\">6. Sobre el pack que hab\u00e9is lanzado de \u201cBienestar empleados\u201d como una mejora clave. \u00bfQu\u00e9 lo hace diferente? \u00bfDe qu\u00e9 manera puede beneficiar esto a los mediadores?<\/h2>\n\n\n\n<p class=\"has-custom-warm-black-color has-text-color has-link-color has-forever-forma-body-text-font-family wp-elements-2e9bf8082963fd5f42933be98759b844\" style=\"font-size:clamp(14px, 0.875rem + ((1vw - 3.2px) * 0.341), 17px);line-height:1.2\">Este pack es una evoluci\u00f3n de nuestra oferta, centrado en la salud integral del empleado. Incorpora servicios m\u00e1s all\u00e1 de la p\u00f3liza, como el cuidado de la salud mental o la nutrici\u00f3n, con un enfoque integral.<\/p>\n\n\n\n<p class=\"has-custom-warm-black-color has-text-color has-link-color has-forever-forma-body-text-font-family wp-elements-0b7ea68adeade5c9bf2506e4c8f76ad9\" style=\"font-size:clamp(14px, 0.875rem + ((1vw - 3.2px) * 0.341), 17px);line-height:1.2\">Este tipo de soluciones tambi\u00e9n son una oportunidad de valor a\u00f1adido para los mediadores, que pueden ofrecer a sus clientes una cobertura diferenciadora en un mercado cada vez m\u00e1s competitivo.<\/p>\n","protected":false},"excerpt":{"rendered":"<p>Con un enfoque claro en el crecimiento sostenible y la cercan\u00eda al mediador, Aegon refuerza su estructura territorial en Arag\u00f3n, Catalu\u00f1a, Comunidad Valenciana, Murcia e Islas Baleares con un modelo que integra experiencia local, especializaci\u00f3n en colectivos y un equipo mixto orientado al acompa\u00f1amiento. Hablamos con Laura del Portillo sobre la estrategia de la compa\u00f1\u00eda y su compromiso con la mediaci\u00f3n<\/p>\n","protected":false},"author":0,"featured_media":5891,"comment_status":"open","ping_status":"open","sticky":false,"template":"","format":"standard","meta":{"footnotes":""},"categories":[1],"tags":[],"class_list":["post-5896","post","type-post","status-publish","format-standard","has-post-thumbnail","hentry","category-sin-categoria"],"yoast_head":"<!-- This site is optimized with the Yoast SEO plugin v27.4 - https:\/\/yoast.com\/product\/yoast-seo-wordpress\/ -->\n<title>Entrevista a Laura del Portillo, Responsable territorial de negocio Colectivo de Arag\u00f3n, Catalu\u00f1a, Comunidad Valenciana, Murcia e Islas Baleares en Aegon - Canal Mediadores - Aegon Seguros de Vida y Salud<\/title>\n<meta name=\"robots\" content=\"index, follow, max-snippet:-1, max-image-preview:large, max-video-preview:-1\" \/>\n<link rel=\"canonical\" href=\"https:\/\/www.segurosaegon.com\/canalmediadores\/2025\/06\/20\/entrevista-a-laura-del-portillo-responsable-territorial-de-negocio-colectivo-de-aragon-cataluna-comunidad-valenciana-murcia-e-islas-baleares-en-aegon\/\" \/>\n<meta property=\"og:locale\" content=\"es_ES\" \/>\n<meta property=\"og:type\" content=\"article\" \/>\n<meta property=\"og:title\" content=\"Entrevista a Laura del Portillo, Responsable territorial de negocio Colectivo de Arag\u00f3n, Catalu\u00f1a, Comunidad Valenciana, Murcia e Islas Baleares en Aegon - Canal Mediadores - Aegon Seguros de Vida y Salud\" \/>\n<meta property=\"og:description\" content=\"Con un enfoque claro en el crecimiento sostenible y la cercan\u00eda al mediador, Aegon refuerza su estructura territorial en Arag\u00f3n, Catalu\u00f1a, Comunidad Valenciana, Murcia e Islas Baleares con un modelo que integra experiencia local, especializaci\u00f3n en colectivos y un equipo mixto orientado al acompa\u00f1amiento. Hablamos con Laura del Portillo sobre la estrategia de la compa\u00f1\u00eda y su compromiso con la mediaci\u00f3n\" \/>\n<meta property=\"og:url\" content=\"https:\/\/www.segurosaegon.com\/canalmediadores\/2025\/06\/20\/entrevista-a-laura-del-portillo-responsable-territorial-de-negocio-colectivo-de-aragon-cataluna-comunidad-valenciana-murcia-e-islas-baleares-en-aegon\/\" \/>\n<meta property=\"og:site_name\" content=\"Canal Mediadores - Aegon Seguros de Vida y Salud\" \/>\n<meta property=\"article:published_time\" content=\"2025-06-20T11:24:22+00:00\" \/>\n<meta property=\"article:modified_time\" content=\"2025-10-09T07:00:37+00:00\" \/>\n<meta property=\"og:image\" content=\"https:\/\/www.segurosaegon.com\/canalmediadores\/wp-content\/uploads\/sites\/40\/2025\/06\/Noticia-1_Foto-Laura-Portillo.avif\" \/>\n\t<meta property=\"og:image:width\" content=\"2048\" \/>\n\t<meta property=\"og:image:height\" content=\"1531\" \/>\n\t<meta property=\"og:image:type\" content=\"image\/png\" \/>\n<meta name=\"twitter:card\" content=\"summary_large_image\" \/>\n<meta name=\"twitter:label1\" content=\"Tiempo de lectura\" \/>\n\t<meta name=\"twitter:data1\" content=\"5 minutos\" \/>\n<script type=\"application\/ld+json\" class=\"yoast-schema-graph\">{\"@context\":\"https:\\\/\\\/schema.org\",\"@graph\":[{\"@type\":\"Article\",\"@id\":\"https:\\\/\\\/www.segurosaegon.com\\\/canalmediadores\\\/2025\\\/06\\\/20\\\/entrevista-a-laura-del-portillo-responsable-territorial-de-negocio-colectivo-de-aragon-cataluna-comunidad-valenciana-murcia-e-islas-baleares-en-aegon\\\/#article\",\"isPartOf\":{\"@id\":\"https:\\\/\\\/www.segurosaegon.com\\\/canalmediadores\\\/2025\\\/06\\\/20\\\/entrevista-a-laura-del-portillo-responsable-territorial-de-negocio-colectivo-de-aragon-cataluna-comunidad-valenciana-murcia-e-islas-baleares-en-aegon\\\/\"},\"author\":{\"name\":\"\",\"@id\":\"\"},\"headline\":\"Entrevista a Laura del Portillo, Responsable territorial de negocio Colectivo de Arag\u00f3n, Catalu\u00f1a, Comunidad Valenciana, Murcia e Islas Baleares en Aegon\",\"datePublished\":\"2025-06-20T11:24:22+00:00\",\"dateModified\":\"2025-10-09T07:00:37+00:00\",\"mainEntityOfPage\":{\"@id\":\"https:\\\/\\\/www.segurosaegon.com\\\/canalmediadores\\\/2025\\\/06\\\/20\\\/entrevista-a-laura-del-portillo-responsable-territorial-de-negocio-colectivo-de-aragon-cataluna-comunidad-valenciana-murcia-e-islas-baleares-en-aegon\\\/\"},\"wordCount\":986,\"commentCount\":0,\"publisher\":{\"@id\":\"https:\\\/\\\/www.segurosaegon.com\\\/canalmediadores\\\/#organization\"},\"image\":{\"@id\":\"https:\\\/\\\/www.segurosaegon.com\\\/canalmediadores\\\/2025\\\/06\\\/20\\\/entrevista-a-laura-del-portillo-responsable-territorial-de-negocio-colectivo-de-aragon-cataluna-comunidad-valenciana-murcia-e-islas-baleares-en-aegon\\\/#primaryimage\"},\"thumbnailUrl\":\"https:\\\/\\\/www.segurosaegon.com\\\/canalmediadores\\\/wp-content\\\/uploads\\\/sites\\\/40\\\/2025\\\/06\\\/Noticia-1_Foto-Laura-Portillo.avif\",\"inLanguage\":\"es\",\"potentialAction\":[{\"@type\":\"CommentAction\",\"name\":\"Comment\",\"target\":[\"https:\\\/\\\/www.segurosaegon.com\\\/canalmediadores\\\/2025\\\/06\\\/20\\\/entrevista-a-laura-del-portillo-responsable-territorial-de-negocio-colectivo-de-aragon-cataluna-comunidad-valenciana-murcia-e-islas-baleares-en-aegon\\\/#respond\"]}]},{\"@type\":\"WebPage\",\"@id\":\"https:\\\/\\\/www.segurosaegon.com\\\/canalmediadores\\\/2025\\\/06\\\/20\\\/entrevista-a-laura-del-portillo-responsable-territorial-de-negocio-colectivo-de-aragon-cataluna-comunidad-valenciana-murcia-e-islas-baleares-en-aegon\\\/\",\"url\":\"https:\\\/\\\/www.segurosaegon.com\\\/canalmediadores\\\/2025\\\/06\\\/20\\\/entrevista-a-laura-del-portillo-responsable-territorial-de-negocio-colectivo-de-aragon-cataluna-comunidad-valenciana-murcia-e-islas-baleares-en-aegon\\\/\",\"name\":\"Entrevista a Laura del Portillo, Responsable territorial de negocio Colectivo de Arag\u00f3n, Catalu\u00f1a, Comunidad Valenciana, Murcia e Islas Baleares en Aegon - Canal Mediadores - Aegon Seguros de Vida y Salud\",\"isPartOf\":{\"@id\":\"https:\\\/\\\/www.segurosaegon.com\\\/canalmediadores\\\/#website\"},\"primaryImageOfPage\":{\"@id\":\"https:\\\/\\\/www.segurosaegon.com\\\/canalmediadores\\\/2025\\\/06\\\/20\\\/entrevista-a-laura-del-portillo-responsable-territorial-de-negocio-colectivo-de-aragon-cataluna-comunidad-valenciana-murcia-e-islas-baleares-en-aegon\\\/#primaryimage\"},\"image\":{\"@id\":\"https:\\\/\\\/www.segurosaegon.com\\\/canalmediadores\\\/2025\\\/06\\\/20\\\/entrevista-a-laura-del-portillo-responsable-territorial-de-negocio-colectivo-de-aragon-cataluna-comunidad-valenciana-murcia-e-islas-baleares-en-aegon\\\/#primaryimage\"},\"thumbnailUrl\":\"https:\\\/\\\/www.segurosaegon.com\\\/canalmediadores\\\/wp-content\\\/uploads\\\/sites\\\/40\\\/2025\\\/06\\\/Noticia-1_Foto-Laura-Portillo.avif\",\"datePublished\":\"2025-06-20T11:24:22+00:00\",\"dateModified\":\"2025-10-09T07:00:37+00:00\",\"breadcrumb\":{\"@id\":\"https:\\\/\\\/www.segurosaegon.com\\\/canalmediadores\\\/2025\\\/06\\\/20\\\/entrevista-a-laura-del-portillo-responsable-territorial-de-negocio-colectivo-de-aragon-cataluna-comunidad-valenciana-murcia-e-islas-baleares-en-aegon\\\/#breadcrumb\"},\"inLanguage\":\"es\",\"potentialAction\":[{\"@type\":\"ReadAction\",\"target\":[\"https:\\\/\\\/www.segurosaegon.com\\\/canalmediadores\\\/2025\\\/06\\\/20\\\/entrevista-a-laura-del-portillo-responsable-territorial-de-negocio-colectivo-de-aragon-cataluna-comunidad-valenciana-murcia-e-islas-baleares-en-aegon\\\/\"]}]},{\"@type\":\"ImageObject\",\"inLanguage\":\"es\",\"@id\":\"https:\\\/\\\/www.segurosaegon.com\\\/canalmediadores\\\/2025\\\/06\\\/20\\\/entrevista-a-laura-del-portillo-responsable-territorial-de-negocio-colectivo-de-aragon-cataluna-comunidad-valenciana-murcia-e-islas-baleares-en-aegon\\\/#primaryimage\",\"url\":\"https:\\\/\\\/www.segurosaegon.com\\\/canalmediadores\\\/wp-content\\\/uploads\\\/sites\\\/40\\\/2025\\\/06\\\/Noticia-1_Foto-Laura-Portillo.avif\",\"contentUrl\":\"https:\\\/\\\/www.segurosaegon.com\\\/canalmediadores\\\/wp-content\\\/uploads\\\/sites\\\/40\\\/2025\\\/06\\\/Noticia-1_Foto-Laura-Portillo.avif\",\"width\":2048,\"height\":1531},{\"@type\":\"BreadcrumbList\",\"@id\":\"https:\\\/\\\/www.segurosaegon.com\\\/canalmediadores\\\/2025\\\/06\\\/20\\\/entrevista-a-laura-del-portillo-responsable-territorial-de-negocio-colectivo-de-aragon-cataluna-comunidad-valenciana-murcia-e-islas-baleares-en-aegon\\\/#breadcrumb\",\"itemListElement\":[{\"@type\":\"ListItem\",\"position\":1,\"name\":\"Portada\",\"item\":\"https:\\\/\\\/www.segurosaegon.com\\\/canalmediadores\\\/\"},{\"@type\":\"ListItem\",\"position\":2,\"name\":\"Entrevista a Laura del Portillo, Responsable territorial de negocio Colectivo de Arag\u00f3n, Catalu\u00f1a, Comunidad Valenciana, Murcia e Islas Baleares en Aegon\"}]},{\"@type\":\"WebSite\",\"@id\":\"https:\\\/\\\/www.segurosaegon.com\\\/canalmediadores\\\/#website\",\"url\":\"https:\\\/\\\/www.segurosaegon.com\\\/canalmediadores\\\/\",\"name\":\"Canal Mediadores - Aegon Seguros de Vida y Salud\",\"description\":\"\",\"publisher\":{\"@id\":\"https:\\\/\\\/www.segurosaegon.com\\\/canalmediadores\\\/#organization\"},\"potentialAction\":[{\"@type\":\"SearchAction\",\"target\":{\"@type\":\"EntryPoint\",\"urlTemplate\":\"https:\\\/\\\/www.segurosaegon.com\\\/canalmediadores\\\/?s={search_term_string}\"},\"query-input\":{\"@type\":\"PropertyValueSpecification\",\"valueRequired\":true,\"valueName\":\"search_term_string\"}}],\"inLanguage\":\"es\"},{\"@type\":\"Organization\",\"@id\":\"https:\\\/\\\/www.segurosaegon.com\\\/canalmediadores\\\/#organization\",\"name\":\"Canal Mediadores - Aegon Seguros de Vida y Salud\",\"url\":\"https:\\\/\\\/www.segurosaegon.com\\\/canalmediadores\\\/\",\"logo\":{\"@type\":\"ImageObject\",\"inLanguage\":\"es\",\"@id\":\"https:\\\/\\\/www.segurosaegon.com\\\/canalmediadores\\\/#\\\/schema\\\/logo\\\/image\\\/\",\"url\":\"https:\\\/\\\/www.segurosaegon.com\\\/canalmediadores\\\/wp-content\\\/uploads\\\/sites\\\/40\\\/2024\\\/06\\\/Aegon_Logo_2024_PEQv2.png\",\"contentUrl\":\"https:\\\/\\\/www.segurosaegon.com\\\/canalmediadores\\\/wp-content\\\/uploads\\\/sites\\\/40\\\/2024\\\/06\\\/Aegon_Logo_2024_PEQv2.png\",\"width\":147,\"height\":39,\"caption\":\"Canal Mediadores - Aegon Seguros de Vida y Salud\"},\"image\":{\"@id\":\"https:\\\/\\\/www.segurosaegon.com\\\/canalmediadores\\\/#\\\/schema\\\/logo\\\/image\\\/\"}}]}<\/script>\n<!-- \/ Yoast SEO plugin. -->","yoast_head_json":{"title":"Entrevista a Laura del Portillo, Responsable territorial de negocio Colectivo de Arag\u00f3n, Catalu\u00f1a, Comunidad Valenciana, Murcia e Islas Baleares en Aegon - Canal Mediadores - Aegon Seguros de Vida y Salud","robots":{"index":"index","follow":"follow","max-snippet":"max-snippet:-1","max-image-preview":"max-image-preview:large","max-video-preview":"max-video-preview:-1"},"canonical":"https:\/\/www.segurosaegon.com\/canalmediadores\/2025\/06\/20\/entrevista-a-laura-del-portillo-responsable-territorial-de-negocio-colectivo-de-aragon-cataluna-comunidad-valenciana-murcia-e-islas-baleares-en-aegon\/","og_locale":"es_ES","og_type":"article","og_title":"Entrevista a Laura del Portillo, Responsable territorial de negocio Colectivo de Arag\u00f3n, Catalu\u00f1a, Comunidad Valenciana, Murcia e Islas Baleares en Aegon - Canal Mediadores - Aegon Seguros de Vida y Salud","og_description":"Con un enfoque claro en el crecimiento sostenible y la cercan\u00eda al mediador, Aegon refuerza su estructura territorial en Arag\u00f3n, Catalu\u00f1a, Comunidad Valenciana, Murcia e Islas Baleares con un modelo que integra experiencia local, especializaci\u00f3n en colectivos y un equipo mixto orientado al acompa\u00f1amiento. Hablamos con Laura del Portillo sobre la estrategia de la compa\u00f1\u00eda y su compromiso con la mediaci\u00f3n","og_url":"https:\/\/www.segurosaegon.com\/canalmediadores\/2025\/06\/20\/entrevista-a-laura-del-portillo-responsable-territorial-de-negocio-colectivo-de-aragon-cataluna-comunidad-valenciana-murcia-e-islas-baleares-en-aegon\/","og_site_name":"Canal Mediadores - Aegon Seguros de Vida y Salud","article_published_time":"2025-06-20T11:24:22+00:00","article_modified_time":"2025-10-09T07:00:37+00:00","og_image":[{"width":2048,"height":1531,"url":"https:\/\/www.segurosaegon.com\/canalmediadores\/wp-content\/uploads\/sites\/40\/2025\/06\/Noticia-1_Foto-Laura-Portillo.avif","type":"image\/png"}],"twitter_card":"summary_large_image","twitter_misc":{"Tiempo de lectura":"5 minutos"},"schema":{"@context":"https:\/\/schema.org","@graph":[{"@type":"Article","@id":"https:\/\/www.segurosaegon.com\/canalmediadores\/2025\/06\/20\/entrevista-a-laura-del-portillo-responsable-territorial-de-negocio-colectivo-de-aragon-cataluna-comunidad-valenciana-murcia-e-islas-baleares-en-aegon\/#article","isPartOf":{"@id":"https:\/\/www.segurosaegon.com\/canalmediadores\/2025\/06\/20\/entrevista-a-laura-del-portillo-responsable-territorial-de-negocio-colectivo-de-aragon-cataluna-comunidad-valenciana-murcia-e-islas-baleares-en-aegon\/"},"author":{"name":"","@id":""},"headline":"Entrevista a Laura del Portillo, Responsable territorial de negocio Colectivo de Arag\u00f3n, Catalu\u00f1a, Comunidad Valenciana, Murcia e Islas Baleares en Aegon","datePublished":"2025-06-20T11:24:22+00:00","dateModified":"2025-10-09T07:00:37+00:00","mainEntityOfPage":{"@id":"https:\/\/www.segurosaegon.com\/canalmediadores\/2025\/06\/20\/entrevista-a-laura-del-portillo-responsable-territorial-de-negocio-colectivo-de-aragon-cataluna-comunidad-valenciana-murcia-e-islas-baleares-en-aegon\/"},"wordCount":986,"commentCount":0,"publisher":{"@id":"https:\/\/www.segurosaegon.com\/canalmediadores\/#organization"},"image":{"@id":"https:\/\/www.segurosaegon.com\/canalmediadores\/2025\/06\/20\/entrevista-a-laura-del-portillo-responsable-territorial-de-negocio-colectivo-de-aragon-cataluna-comunidad-valenciana-murcia-e-islas-baleares-en-aegon\/#primaryimage"},"thumbnailUrl":"https:\/\/www.segurosaegon.com\/canalmediadores\/wp-content\/uploads\/sites\/40\/2025\/06\/Noticia-1_Foto-Laura-Portillo.avif","inLanguage":"es","potentialAction":[{"@type":"CommentAction","name":"Comment","target":["https:\/\/www.segurosaegon.com\/canalmediadores\/2025\/06\/20\/entrevista-a-laura-del-portillo-responsable-territorial-de-negocio-colectivo-de-aragon-cataluna-comunidad-valenciana-murcia-e-islas-baleares-en-aegon\/#respond"]}]},{"@type":"WebPage","@id":"https:\/\/www.segurosaegon.com\/canalmediadores\/2025\/06\/20\/entrevista-a-laura-del-portillo-responsable-territorial-de-negocio-colectivo-de-aragon-cataluna-comunidad-valenciana-murcia-e-islas-baleares-en-aegon\/","url":"https:\/\/www.segurosaegon.com\/canalmediadores\/2025\/06\/20\/entrevista-a-laura-del-portillo-responsable-territorial-de-negocio-colectivo-de-aragon-cataluna-comunidad-valenciana-murcia-e-islas-baleares-en-aegon\/","name":"Entrevista a Laura del Portillo, Responsable territorial de negocio Colectivo de Arag\u00f3n, Catalu\u00f1a, Comunidad Valenciana, Murcia e Islas Baleares en Aegon - Canal Mediadores - Aegon Seguros de Vida y Salud","isPartOf":{"@id":"https:\/\/www.segurosaegon.com\/canalmediadores\/#website"},"primaryImageOfPage":{"@id":"https:\/\/www.segurosaegon.com\/canalmediadores\/2025\/06\/20\/entrevista-a-laura-del-portillo-responsable-territorial-de-negocio-colectivo-de-aragon-cataluna-comunidad-valenciana-murcia-e-islas-baleares-en-aegon\/#primaryimage"},"image":{"@id":"https:\/\/www.segurosaegon.com\/canalmediadores\/2025\/06\/20\/entrevista-a-laura-del-portillo-responsable-territorial-de-negocio-colectivo-de-aragon-cataluna-comunidad-valenciana-murcia-e-islas-baleares-en-aegon\/#primaryimage"},"thumbnailUrl":"https:\/\/www.segurosaegon.com\/canalmediadores\/wp-content\/uploads\/sites\/40\/2025\/06\/Noticia-1_Foto-Laura-Portillo.avif","datePublished":"2025-06-20T11:24:22+00:00","dateModified":"2025-10-09T07:00:37+00:00","breadcrumb":{"@id":"https:\/\/www.segurosaegon.com\/canalmediadores\/2025\/06\/20\/entrevista-a-laura-del-portillo-responsable-territorial-de-negocio-colectivo-de-aragon-cataluna-comunidad-valenciana-murcia-e-islas-baleares-en-aegon\/#breadcrumb"},"inLanguage":"es","potentialAction":[{"@type":"ReadAction","target":["https:\/\/www.segurosaegon.com\/canalmediadores\/2025\/06\/20\/entrevista-a-laura-del-portillo-responsable-territorial-de-negocio-colectivo-de-aragon-cataluna-comunidad-valenciana-murcia-e-islas-baleares-en-aegon\/"]}]},{"@type":"ImageObject","inLanguage":"es","@id":"https:\/\/www.segurosaegon.com\/canalmediadores\/2025\/06\/20\/entrevista-a-laura-del-portillo-responsable-territorial-de-negocio-colectivo-de-aragon-cataluna-comunidad-valenciana-murcia-e-islas-baleares-en-aegon\/#primaryimage","url":"https:\/\/www.segurosaegon.com\/canalmediadores\/wp-content\/uploads\/sites\/40\/2025\/06\/Noticia-1_Foto-Laura-Portillo.avif","contentUrl":"https:\/\/www.segurosaegon.com\/canalmediadores\/wp-content\/uploads\/sites\/40\/2025\/06\/Noticia-1_Foto-Laura-Portillo.avif","width":2048,"height":1531},{"@type":"BreadcrumbList","@id":"https:\/\/www.segurosaegon.com\/canalmediadores\/2025\/06\/20\/entrevista-a-laura-del-portillo-responsable-territorial-de-negocio-colectivo-de-aragon-cataluna-comunidad-valenciana-murcia-e-islas-baleares-en-aegon\/#breadcrumb","itemListElement":[{"@type":"ListItem","position":1,"name":"Portada","item":"https:\/\/www.segurosaegon.com\/canalmediadores\/"},{"@type":"ListItem","position":2,"name":"Entrevista a Laura del Portillo, Responsable territorial de negocio Colectivo de Arag\u00f3n, Catalu\u00f1a, Comunidad Valenciana, Murcia e Islas Baleares en Aegon"}]},{"@type":"WebSite","@id":"https:\/\/www.segurosaegon.com\/canalmediadores\/#website","url":"https:\/\/www.segurosaegon.com\/canalmediadores\/","name":"Canal Mediadores - Aegon Seguros de Vida y Salud","description":"","publisher":{"@id":"https:\/\/www.segurosaegon.com\/canalmediadores\/#organization"},"potentialAction":[{"@type":"SearchAction","target":{"@type":"EntryPoint","urlTemplate":"https:\/\/www.segurosaegon.com\/canalmediadores\/?s={search_term_string}"},"query-input":{"@type":"PropertyValueSpecification","valueRequired":true,"valueName":"search_term_string"}}],"inLanguage":"es"},{"@type":"Organization","@id":"https:\/\/www.segurosaegon.com\/canalmediadores\/#organization","name":"Canal Mediadores - Aegon Seguros de Vida y Salud","url":"https:\/\/www.segurosaegon.com\/canalmediadores\/","logo":{"@type":"ImageObject","inLanguage":"es","@id":"https:\/\/www.segurosaegon.com\/canalmediadores\/#\/schema\/logo\/image\/","url":"https:\/\/www.segurosaegon.com\/canalmediadores\/wp-content\/uploads\/sites\/40\/2024\/06\/Aegon_Logo_2024_PEQv2.png","contentUrl":"https:\/\/www.segurosaegon.com\/canalmediadores\/wp-content\/uploads\/sites\/40\/2024\/06\/Aegon_Logo_2024_PEQv2.png","width":147,"height":39,"caption":"Canal Mediadores - Aegon Seguros de Vida y Salud"},"image":{"@id":"https:\/\/www.segurosaegon.com\/canalmediadores\/#\/schema\/logo\/image\/"}}]}},"_links":{"self":[{"href":"https:\/\/www.segurosaegon.com\/canalmediadores\/wp-json\/wp\/v2\/posts\/5896","targetHints":{"allow":["GET"]}}],"collection":[{"href":"https:\/\/www.segurosaegon.com\/canalmediadores\/wp-json\/wp\/v2\/posts"}],"about":[{"href":"https:\/\/www.segurosaegon.com\/canalmediadores\/wp-json\/wp\/v2\/types\/post"}],"replies":[{"embeddable":true,"href":"https:\/\/www.segurosaegon.com\/canalmediadores\/wp-json\/wp\/v2\/comments?post=5896"}],"version-history":[{"count":5,"href":"https:\/\/www.segurosaegon.com\/canalmediadores\/wp-json\/wp\/v2\/posts\/5896\/revisions"}],"predecessor-version":[{"id":5954,"href":"https:\/\/www.segurosaegon.com\/canalmediadores\/wp-json\/wp\/v2\/posts\/5896\/revisions\/5954"}],"wp:featuredmedia":[{"embeddable":true,"href":"https:\/\/www.segurosaegon.com\/canalmediadores\/wp-json\/wp\/v2\/media\/5891"}],"wp:attachment":[{"href":"https:\/\/www.segurosaegon.com\/canalmediadores\/wp-json\/wp\/v2\/media?parent=5896"}],"wp:term":[{"taxonomy":"category","embeddable":true,"href":"https:\/\/www.segurosaegon.com\/canalmediadores\/wp-json\/wp\/v2\/categories?post=5896"},{"taxonomy":"post_tag","embeddable":true,"href":"https:\/\/www.segurosaegon.com\/canalmediadores\/wp-json\/wp\/v2\/tags?post=5896"}],"curies":[{"name":"wp","href":"https:\/\/api.w.org\/{rel}","templated":true}]}}