{"id":5898,"date":"2025-06-20T13:25:49","date_gmt":"2025-06-20T11:25:49","guid":{"rendered":"https:\/\/www.segurosaegon.com\/canalmediadores\/?p=5898"},"modified":"2025-10-09T08:52:14","modified_gmt":"2025-10-09T06:52:14","slug":"entrevista-a-ignacio-ordonez-responsable-territorial-de-negocio-colectivo-de-asturias-cantabria-pais-vasco-navarra-la-rioja-extremadura-andalucia-e-islas-canarias-en-aegon-la-clave-del-exito-es-un-bue","status":"publish","type":"post","link":"https:\/\/www.segurosaegon.com\/canalmediadores\/2025\/06\/20\/entrevista-a-ignacio-ordonez-responsable-territorial-de-negocio-colectivo-de-asturias-cantabria-pais-vasco-navarra-la-rioja-extremadura-andalucia-e-islas-canarias-en-aegon-la-clave-del-exito-es-un-bue\/","title":{"rendered":"Entrevista a Ignacio Ord\u00f3\u00f1ez, Responsable territorial de negocio Colectivo de Asturias, Cantabria, Pa\u00eds Vasco, Navarra, La Rioja, Extremadura, Andaluc\u00eda e Islas Canarias en Aegon: \u00abLa clave del \u00e9xito es un buen producto y saberse adaptar a las necesidades de los clientes y los mediadores\u00bb"},"content":{"rendered":"\n<h2 class=\"wp-block-heading has-custom-warm-black-color has-text-color has-link-color has-forever-forma-heading-font-family wp-elements-b26d680c652d3f0f4f1b51adc5050e74\" style=\"padding-top:20px;font-size:clamp(16.293px, 1.018rem + ((1vw - 3.2px) * 0.989), 25px);font-style:normal;font-weight:700\">1. Ignacio, \u00bfc\u00f3mo influye la presencia territorial de Aegon en el desarrollo de los seguros colectivos?<\/h2>\n\n\n\n<p class=\"has-custom-warm-black-color has-text-color has-link-color has-forever-forma-body-text-font-family wp-elements-714897985b8720646c5195253d568a4b\" style=\"font-size:clamp(14px, 0.875rem + ((1vw - 3.2px) * 0.341), 17px);line-height:1.2\">La presencia local es fundamental. Cada regi\u00f3n tiene sus propias particularidades, tanto en el perfil empresarial como en el ecosistema de mediaci\u00f3n, y estar presentes nos permite adaptarnos de forma mucho m\u00e1s r\u00e1pida y precisa. Asturias, Cantabria, el Pa\u00eds Vasco o Andaluc\u00eda son territorios muy diferentes entre s\u00ed, pero todos comparten algo: un mediador profesional, cercano al cliente, y muy bien valorado. Y nosotros queremos seguir creciendo a su lado.<\/p>\n\n\n\n<p class=\"has-custom-warm-black-color has-text-color has-link-color has-forever-forma-body-text-font-family wp-elements-58590d656caba58b3f5ae57f834bc4eb\" style=\"font-size:clamp(14px, 0.875rem + ((1vw - 3.2px) * 0.341), 17px);line-height:1.2\">Esta cercan\u00eda territorial nos permite mantener un contacto directo y fluido con corredur\u00edas y clientes, lo que se traduce en confianza, agilidad y soluciones realmente adaptadas. Nuestra propuesta de seguros colectivos ha crecido gracias a este enfoque local, apoyado por un equipo experto y por relaciones que se han construido durante m\u00e1s de 40 a\u00f1os.<\/p>\n\n\n\n<h2 class=\"wp-block-heading has-custom-warm-black-color has-text-color has-link-color has-forever-forma-heading-font-family wp-elements-a14445451b476277d897a0429209a78e\" style=\"padding-top:20px;font-size:clamp(16.293px, 1.018rem + ((1vw - 3.2px) * 0.989), 25px);font-style:normal;font-weight:700\">2. En Aegon habl\u00e1is de \u201cpersonas que cuidan de personas\u201d. \u00bfC\u00f3mo se traslada este enfoque a vuestra forma de trabajar?<\/h2>\n\n\n\n<p class=\"has-custom-warm-black-color has-text-color has-link-color has-forever-forma-body-text-font-family wp-elements-9ad9036470c9ab10089584d4da1f1248\" style=\"font-size:clamp(14px, 0.875rem + ((1vw - 3.2px) * 0.341), 17px);line-height:1.2\">No es solo un eslogan, es una forma de trabajar. Cuando decimos que somos personas que cuidan de personas, tambi\u00e9n estamos hablando de c\u00f3mo cuidamos la relaci\u00f3n con nuestros clientes y mediadores: con cercan\u00eda, escucha activa, formaci\u00f3n, acompa\u00f1amiento y confianza.<\/p>\n\n\n\n<p class=\"has-custom-warm-black-color has-text-color has-link-color has-forever-forma-body-text-font-family wp-elements-52b4356874c9527fb750c8f084c6c4b8\" style=\"font-size:clamp(14px, 0.875rem + ((1vw - 3.2px) * 0.341), 17px);line-height:1.2\">En seguros colectivos esto es especialmente importante. Porque no solo estamos hablando de proteger a empleados y sus familias, sino tambi\u00e9n de ayudar al mediador a desarrollar su propuesta de valor. Trabajamos con ellos codo con codo para identificar oportunidades, construir soluciones y fidelizar clientes. Y ese trabajo conjunto, ese v\u00ednculo, es lo que nos hace diferentes.<\/p>\n\n\n\n<p class=\"has-custom-warm-black-color has-text-color has-link-color has-forever-forma-body-text-font-family wp-elements-88809992644641927a3ac6d5fec66115\" style=\"font-size:clamp(14px, 0.875rem + ((1vw - 3.2px) * 0.341), 17px);line-height:1.2\">Adem\u00e1s, estamos muy orgullosos de haber sido elegidos por sexto a\u00f1o consecutivo como el mejor servicio de atenci\u00f3n al cliente en productos de salud y por cuarto a\u00f1o en vida. Estos reconocimientos reflejan nuestro compromiso constante con la excelencia en el servicio.<\/p>\n\n\n\n<h2 class=\"wp-block-heading has-custom-warm-black-color has-text-color has-link-color has-forever-forma-heading-font-family wp-elements-100c8adb458597da8c5fce6b149f3aeb\" style=\"padding-top:20px;font-size:clamp(16.293px, 1.018rem + ((1vw - 3.2px) * 0.989), 25px);font-style:normal;font-weight:700\">3. \u00bfQu\u00e9 papel juega el equipo mixto entre colectivos y mediaci\u00f3n en vuestra estructura territorial?<\/h2>\n\n\n\n<p class=\"has-custom-warm-black-color has-text-color has-link-color has-forever-forma-body-text-font-family wp-elements-51fb7778c471ad07d76c5d1698dd725a\" style=\"font-size:clamp(14px, 0.875rem + ((1vw - 3.2px) * 0.341), 17px);line-height:1.2\">Es uno de nuestros grandes aciertos. En <em>Aegon <\/em>apostamos por equipos mixtos que integran a especialistas en colectivos y gerentes de mediaci\u00f3n. Esto nos permite dar una respuesta coordinada, coherente y mucho m\u00e1s potente. De esta manera el negocio de colectivos se apalanca, da soporte y coordina bajo las directrices del director territorial de mediaci\u00f3n.<\/p>\n\n\n\n<p class=\"has-custom-warm-black-color has-text-color has-link-color has-forever-forma-body-text-font-family wp-elements-adcb84ff61c7683755e46bc5cf3614c9\" style=\"font-size:clamp(14px, 0.875rem + ((1vw - 3.2px) * 0.341), 17px);line-height:1.2\">No son dos canales separados: son un solo equipo con una \u00fanica voz para el mediador. Esto genera confianza, evita duplicidades y permite que el mediador perciba una compa\u00f1\u00eda s\u00f3lida, alineada y con un acompa\u00f1amiento real. Al final, se traduce en una experiencia m\u00e1s fluida y efectiva.<\/p>\n\n\n\n<h2 class=\"wp-block-heading has-custom-warm-black-color has-text-color has-link-color has-forever-forma-heading-font-family wp-elements-cb8333faed667dd5beade2c30f167715\" style=\"padding-top:20px;font-size:clamp(16.293px, 1.018rem + ((1vw - 3.2px) * 0.989), 25px);font-style:normal;font-weight:700\">4. \u00bfQu\u00e9 destacar\u00edas de la propuesta de valor de Aegon para los mediadores en estas regiones?<\/h2>\n\n\n\n<p class=\"has-custom-warm-black-color has-text-color has-link-color has-forever-forma-body-text-font-family wp-elements-9d1140fc9dd46612d4dbbad99337597d\" style=\"font-size:clamp(14px, 0.875rem + ((1vw - 3.2px) * 0.341), 17px);line-height:1.2\">Llevamos m\u00e1s de 40 a\u00f1os creciendo junto a ellos. Y eso se nota. Conocemos muy bien su realidad y sus necesidades. Les ofrecemos productos competitivos, formaci\u00f3n continua, herramientas digitales de primer nivel y una atenci\u00f3n personalizada.<\/p>\n\n\n\n<p class=\"has-custom-warm-black-color has-text-color has-link-color has-forever-forma-body-text-font-family wp-elements-bd1ae26952f3a5438a5b13fd1c93c569\" style=\"font-size:clamp(14px, 0.875rem + ((1vw - 3.2px) * 0.341), 17px);line-height:1.2\">Pero si tuviera que destacar algo, ser\u00eda la vocaci\u00f3n de servicio. Nuestro objetivo no es vender por vender, sino acompa\u00f1arlos en su desarrollo, estar disponibles, resolver con agilidad y aportar soluciones que generen valor a largo plazo. En <em>Aegon<\/em>, el mediador es un socio estrat\u00e9gico, no un simple canal.<\/p>\n\n\n\n<h2 class=\"wp-block-heading has-custom-warm-black-color has-text-color has-link-color has-forever-forma-heading-font-family wp-elements-f6fa33e3af0c3fa87787a85e101ab64b\" style=\"padding-top:20px;font-size:clamp(16.293px, 1.018rem + ((1vw - 3.2px) * 0.989), 25px);font-style:normal;font-weight:700\">5. \u00bfQu\u00e9 ventajas aporta hoy el seguro colectivo de Aegon a empresas y empleados?<\/h2>\n\n\n\n<p class=\"has-custom-warm-black-color has-text-color has-link-color has-forever-forma-body-text-font-family wp-elements-db1a64cf915f9bc8e31d03eeb2568ae8\" style=\"font-size:clamp(14px, 0.875rem + ((1vw - 3.2px) * 0.341), 17px);line-height:1.2\">Ofrecemos soluciones completas y adaptadas: f\u00e1cil acceso a pruebas m\u00e9dicas, consulta directa con especialistas, beneficios fiscales, libre elecci\u00f3n de profesionales, programas de prevenci\u00f3n y hospitalizaci\u00f3n individual. Adem\u00e1s, contamos con servicios como Telemedicina o nuestro <em>Pack Bienestar<\/em>, que se adaptan perfectamente a las nuevas necesidades de las empresas.<\/p>\n\n\n\n<p class=\"has-custom-warm-black-color has-text-color has-link-color has-forever-forma-body-text-font-family wp-elements-85726d36e73bdd707336e16c1dabfb62\" style=\"font-size:clamp(14px, 0.875rem + ((1vw - 3.2px) * 0.341), 17px);line-height:1.2\">Todo esto no solo mejora la salud y el bienestar de los empleados, sino que ayuda a las empresas a atraer y fidelizar talento. Cada vez m\u00e1s compa\u00f1\u00edas, tambi\u00e9n pymes, ven en los seguros de salud un pilar clave dentro de su propuesta de valor.<\/p>\n\n\n\n<h2 class=\"wp-block-heading has-custom-warm-black-color has-text-color has-link-color has-forever-forma-heading-font-family wp-elements-d44e867455cc5908267c27781a1c3455\" style=\"padding-top:20px;font-size:clamp(16.293px, 1.018rem + ((1vw - 3.2px) * 0.989), 25px);font-style:normal;font-weight:700\">6. \u00bfC\u00f3mo est\u00e1 ayudando la digitalizaci\u00f3n a reforzar la relaci\u00f3n con los mediadores en tus territorios?<\/h2>\n\n\n\n<p class=\"has-custom-warm-black-color has-text-color has-link-color has-forever-forma-body-text-font-family wp-elements-92a49ff6978d2aa16744005d7ecec974\" style=\"font-size:clamp(14px, 0.875rem + ((1vw - 3.2px) * 0.341), 17px);line-height:1.2\">La digitalizaci\u00f3n ha sido fundamental en nuestra propuesta de valor al cliente para el sector de colectivos. Hemos introducido herramientas tecnol\u00f3gicas innovadoras que mejoran la experiencia del cliente, como el acceso a trav\u00e9s de app a la informaci\u00f3n del seguro, la gesti\u00f3n de autorizaciones por Whatsapp o la atenci\u00f3n al cliente a trav\u00e9s de chat y correo electr\u00f3nico. Adem\u00e1s, hemos lanzado un nuevo sistema de telemedicina que incluye asistencia psicoemocional y nutricional online para empresas. Esto nos ha permitido ofrecer un servicio m\u00e1s r\u00e1pido, eficiente y personalizado.<\/p>\n\n\n\n<p class=\"has-custom-warm-black-color has-text-color has-link-color has-forever-forma-body-text-font-family wp-elements-deb9054b71183af3ee40df0780aabb0d\" style=\"font-size:clamp(14px, 0.875rem + ((1vw - 3.2px) * 0.341), 17px);line-height:1.2\">De cara a los mediadores, gracias a la digitalizaci\u00f3n tenemos un mejor soporte de back office para los productos colectivos, con capacidades digitales para que los mediadores tengan autonom\u00eda en procesos como el env\u00edo de tarjetas digitales, por ejemplo. Adem\u00e1s, los corredores disponen de servicios de atenci\u00f3n personalizada para dar respuesta a las necesidades de sus empresas aseguradas.<\/p>\n\n\n\n<p class=\"has-custom-warm-black-color has-text-color has-link-color has-forever-forma-body-text-font-family wp-elements-a289a8ba1f28c15193cd781a340f6e41\" style=\"font-size:clamp(14px, 0.875rem + ((1vw - 3.2px) * 0.341), 17px);line-height:1.2\">Pero lo importante no es solo tener tecnolog\u00eda, sino c\u00f3mo la usamos. En <em>Aegon <\/em>la tecnolog\u00eda est\u00e1 al servicio de la cercan\u00eda: para responder antes, con m\u00e1s calidad, y de forma m\u00e1s personalizada. Porque, aunque estemos en lo digital, seguimos siendo personas que cuidan de personas.<\/p>\n","protected":false},"excerpt":{"rendered":"<p>Con una fuerte implantaci\u00f3n en el norte y sur del pa\u00eds, Aegon refuerza su apuesta por el seguro colectivo en territorios con gran diversidad empresarial. Hablamos con Ignacio Ord\u00f3\u00f1ez, Responsable territorial de negocio Colectivo de Asturias, Cantabria, Pa\u00eds Vasco y Andaluc\u00eda, sobre la estrategia de cercan\u00eda, digitalizaci\u00f3n y colaboraci\u00f3n que impulsa la compa\u00f1\u00eda.<\/p>\n","protected":false},"author":0,"featured_media":5889,"comment_status":"open","ping_status":"open","sticky":false,"template":"","format":"standard","meta":{"footnotes":""},"categories":[21],"tags":[],"class_list":["post-5898","post","type-post","status-publish","format-standard","has-post-thumbnail","hentry","category-entrevistas"],"yoast_head":"<!-- This site is optimized with the Yoast SEO plugin v27.4 - https:\/\/yoast.com\/product\/yoast-seo-wordpress\/ -->\n<title>Entrevista a Ignacio Ord\u00f3\u00f1ez, Responsable territorial de negocio Colectivo de Asturias, Cantabria, Pa\u00eds Vasco, Navarra, La Rioja, Extremadura, Andaluc\u00eda e Islas Canarias en Aegon: &quot;La clave del \u00e9xito es un buen producto y saberse adaptar a las necesidades de los clientes y los mediadores&quot; - Canal Mediadores - Aegon Seguros de Vida y Salud<\/title>\n<meta name=\"robots\" content=\"index, follow, max-snippet:-1, max-image-preview:large, max-video-preview:-1\" \/>\n<link rel=\"canonical\" href=\"https:\/\/www.segurosaegon.com\/canalmediadores\/2025\/06\/20\/entrevista-a-ignacio-ordonez-responsable-territorial-de-negocio-colectivo-de-asturias-cantabria-pais-vasco-navarra-la-rioja-extremadura-andalucia-e-islas-canarias-en-aegon-la-clave-del-exito-es-un-bue\/\" \/>\n<meta property=\"og:locale\" content=\"es_ES\" \/>\n<meta property=\"og:type\" content=\"article\" \/>\n<meta property=\"og:title\" content=\"Entrevista a Ignacio Ord\u00f3\u00f1ez, Responsable territorial de negocio Colectivo de Asturias, Cantabria, Pa\u00eds Vasco, Navarra, La Rioja, Extremadura, Andaluc\u00eda e Islas Canarias en Aegon: &quot;La clave del \u00e9xito es un buen producto y saberse adaptar a las necesidades de los clientes y los mediadores&quot; - Canal Mediadores - Aegon Seguros de Vida y Salud\" \/>\n<meta property=\"og:description\" content=\"Con una fuerte implantaci\u00f3n en el norte y sur del pa\u00eds, Aegon refuerza su apuesta por el seguro colectivo en territorios con gran diversidad empresarial. Hablamos con Ignacio Ord\u00f3\u00f1ez, Responsable territorial de negocio Colectivo de Asturias, Cantabria, Pa\u00eds Vasco y Andaluc\u00eda, sobre la estrategia de cercan\u00eda, digitalizaci\u00f3n y colaboraci\u00f3n que impulsa la compa\u00f1\u00eda.\" \/>\n<meta property=\"og:url\" content=\"https:\/\/www.segurosaegon.com\/canalmediadores\/2025\/06\/20\/entrevista-a-ignacio-ordonez-responsable-territorial-de-negocio-colectivo-de-asturias-cantabria-pais-vasco-navarra-la-rioja-extremadura-andalucia-e-islas-canarias-en-aegon-la-clave-del-exito-es-un-bue\/\" \/>\n<meta property=\"og:site_name\" content=\"Canal Mediadores - Aegon Seguros de Vida y Salud\" \/>\n<meta property=\"article:published_time\" content=\"2025-06-20T11:25:49+00:00\" \/>\n<meta property=\"article:modified_time\" content=\"2025-10-09T06:52:14+00:00\" \/>\n<meta property=\"og:image\" content=\"https:\/\/www.segurosaegon.com\/canalmediadores\/wp-content\/uploads\/sites\/40\/2025\/06\/Noticia-1_-Foto-Ignacio-Ordonez.avif\" \/>\n\t<meta property=\"og:image:width\" content=\"2048\" \/>\n\t<meta property=\"og:image:height\" content=\"1531\" \/>\n\t<meta property=\"og:image:type\" content=\"image\/png\" \/>\n<meta name=\"twitter:card\" content=\"summary_large_image\" \/>\n<meta name=\"twitter:label1\" content=\"Tiempo de lectura\" \/>\n\t<meta name=\"twitter:data1\" content=\"5 minutos\" \/>\n<script type=\"application\/ld+json\" class=\"yoast-schema-graph\">{\"@context\":\"https:\\\/\\\/schema.org\",\"@graph\":[{\"@type\":\"Article\",\"@id\":\"https:\\\/\\\/www.segurosaegon.com\\\/canalmediadores\\\/2025\\\/06\\\/20\\\/entrevista-a-ignacio-ordonez-responsable-territorial-de-negocio-colectivo-de-asturias-cantabria-pais-vasco-navarra-la-rioja-extremadura-andalucia-e-islas-canarias-en-aegon-la-clave-del-exito-es-un-bue\\\/#article\",\"isPartOf\":{\"@id\":\"https:\\\/\\\/www.segurosaegon.com\\\/canalmediadores\\\/2025\\\/06\\\/20\\\/entrevista-a-ignacio-ordonez-responsable-territorial-de-negocio-colectivo-de-asturias-cantabria-pais-vasco-navarra-la-rioja-extremadura-andalucia-e-islas-canarias-en-aegon-la-clave-del-exito-es-un-bue\\\/\"},\"author\":{\"name\":\"\",\"@id\":\"\"},\"headline\":\"Entrevista a Ignacio Ord\u00f3\u00f1ez, Responsable territorial de negocio Colectivo de Asturias, Cantabria, Pa\u00eds Vasco, Navarra, La Rioja, Extremadura, Andaluc\u00eda e Islas Canarias en Aegon: \u00abLa clave del \u00e9xito es un buen producto y saberse adaptar a las necesidades de los clientes y los mediadores\u00bb\",\"datePublished\":\"2025-06-20T11:25:49+00:00\",\"dateModified\":\"2025-10-09T06:52:14+00:00\",\"mainEntityOfPage\":{\"@id\":\"https:\\\/\\\/www.segurosaegon.com\\\/canalmediadores\\\/2025\\\/06\\\/20\\\/entrevista-a-ignacio-ordonez-responsable-territorial-de-negocio-colectivo-de-asturias-cantabria-pais-vasco-navarra-la-rioja-extremadura-andalucia-e-islas-canarias-en-aegon-la-clave-del-exito-es-un-bue\\\/\"},\"wordCount\":946,\"commentCount\":0,\"publisher\":{\"@id\":\"https:\\\/\\\/www.segurosaegon.com\\\/canalmediadores\\\/#organization\"},\"image\":{\"@id\":\"https:\\\/\\\/www.segurosaegon.com\\\/canalmediadores\\\/2025\\\/06\\\/20\\\/entrevista-a-ignacio-ordonez-responsable-territorial-de-negocio-colectivo-de-asturias-cantabria-pais-vasco-navarra-la-rioja-extremadura-andalucia-e-islas-canarias-en-aegon-la-clave-del-exito-es-un-bue\\\/#primaryimage\"},\"thumbnailUrl\":\"https:\\\/\\\/www.segurosaegon.com\\\/canalmediadores\\\/wp-content\\\/uploads\\\/sites\\\/40\\\/2025\\\/06\\\/Noticia-1_-Foto-Ignacio-Ordonez.avif\",\"articleSection\":[\"ENTREVISTAS\"],\"inLanguage\":\"es\",\"potentialAction\":[{\"@type\":\"CommentAction\",\"name\":\"Comment\",\"target\":[\"https:\\\/\\\/www.segurosaegon.com\\\/canalmediadores\\\/2025\\\/06\\\/20\\\/entrevista-a-ignacio-ordonez-responsable-territorial-de-negocio-colectivo-de-asturias-cantabria-pais-vasco-navarra-la-rioja-extremadura-andalucia-e-islas-canarias-en-aegon-la-clave-del-exito-es-un-bue\\\/#respond\"]}]},{\"@type\":\"WebPage\",\"@id\":\"https:\\\/\\\/www.segurosaegon.com\\\/canalmediadores\\\/2025\\\/06\\\/20\\\/entrevista-a-ignacio-ordonez-responsable-territorial-de-negocio-colectivo-de-asturias-cantabria-pais-vasco-navarra-la-rioja-extremadura-andalucia-e-islas-canarias-en-aegon-la-clave-del-exito-es-un-bue\\\/\",\"url\":\"https:\\\/\\\/www.segurosaegon.com\\\/canalmediadores\\\/2025\\\/06\\\/20\\\/entrevista-a-ignacio-ordonez-responsable-territorial-de-negocio-colectivo-de-asturias-cantabria-pais-vasco-navarra-la-rioja-extremadura-andalucia-e-islas-canarias-en-aegon-la-clave-del-exito-es-un-bue\\\/\",\"name\":\"Entrevista a Ignacio Ord\u00f3\u00f1ez, Responsable territorial de negocio Colectivo de Asturias, Cantabria, Pa\u00eds Vasco, Navarra, La Rioja, Extremadura, Andaluc\u00eda e Islas Canarias en Aegon: \\\"La clave del \u00e9xito es un buen producto y saberse adaptar a las necesidades de los clientes y los mediadores\\\" - Canal Mediadores - Aegon Seguros de Vida y Salud\",\"isPartOf\":{\"@id\":\"https:\\\/\\\/www.segurosaegon.com\\\/canalmediadores\\\/#website\"},\"primaryImageOfPage\":{\"@id\":\"https:\\\/\\\/www.segurosaegon.com\\\/canalmediadores\\\/2025\\\/06\\\/20\\\/entrevista-a-ignacio-ordonez-responsable-territorial-de-negocio-colectivo-de-asturias-cantabria-pais-vasco-navarra-la-rioja-extremadura-andalucia-e-islas-canarias-en-aegon-la-clave-del-exito-es-un-bue\\\/#primaryimage\"},\"image\":{\"@id\":\"https:\\\/\\\/www.segurosaegon.com\\\/canalmediadores\\\/2025\\\/06\\\/20\\\/entrevista-a-ignacio-ordonez-responsable-territorial-de-negocio-colectivo-de-asturias-cantabria-pais-vasco-navarra-la-rioja-extremadura-andalucia-e-islas-canarias-en-aegon-la-clave-del-exito-es-un-bue\\\/#primaryimage\"},\"thumbnailUrl\":\"https:\\\/\\\/www.segurosaegon.com\\\/canalmediadores\\\/wp-content\\\/uploads\\\/sites\\\/40\\\/2025\\\/06\\\/Noticia-1_-Foto-Ignacio-Ordonez.avif\",\"datePublished\":\"2025-06-20T11:25:49+00:00\",\"dateModified\":\"2025-10-09T06:52:14+00:00\",\"breadcrumb\":{\"@id\":\"https:\\\/\\\/www.segurosaegon.com\\\/canalmediadores\\\/2025\\\/06\\\/20\\\/entrevista-a-ignacio-ordonez-responsable-territorial-de-negocio-colectivo-de-asturias-cantabria-pais-vasco-navarra-la-rioja-extremadura-andalucia-e-islas-canarias-en-aegon-la-clave-del-exito-es-un-bue\\\/#breadcrumb\"},\"inLanguage\":\"es\",\"potentialAction\":[{\"@type\":\"ReadAction\",\"target\":[\"https:\\\/\\\/www.segurosaegon.com\\\/canalmediadores\\\/2025\\\/06\\\/20\\\/entrevista-a-ignacio-ordonez-responsable-territorial-de-negocio-colectivo-de-asturias-cantabria-pais-vasco-navarra-la-rioja-extremadura-andalucia-e-islas-canarias-en-aegon-la-clave-del-exito-es-un-bue\\\/\"]}]},{\"@type\":\"ImageObject\",\"inLanguage\":\"es\",\"@id\":\"https:\\\/\\\/www.segurosaegon.com\\\/canalmediadores\\\/2025\\\/06\\\/20\\\/entrevista-a-ignacio-ordonez-responsable-territorial-de-negocio-colectivo-de-asturias-cantabria-pais-vasco-navarra-la-rioja-extremadura-andalucia-e-islas-canarias-en-aegon-la-clave-del-exito-es-un-bue\\\/#primaryimage\",\"url\":\"https:\\\/\\\/www.segurosaegon.com\\\/canalmediadores\\\/wp-content\\\/uploads\\\/sites\\\/40\\\/2025\\\/06\\\/Noticia-1_-Foto-Ignacio-Ordonez.avif\",\"contentUrl\":\"https:\\\/\\\/www.segurosaegon.com\\\/canalmediadores\\\/wp-content\\\/uploads\\\/sites\\\/40\\\/2025\\\/06\\\/Noticia-1_-Foto-Ignacio-Ordonez.avif\",\"width\":2048,\"height\":1531},{\"@type\":\"BreadcrumbList\",\"@id\":\"https:\\\/\\\/www.segurosaegon.com\\\/canalmediadores\\\/2025\\\/06\\\/20\\\/entrevista-a-ignacio-ordonez-responsable-territorial-de-negocio-colectivo-de-asturias-cantabria-pais-vasco-navarra-la-rioja-extremadura-andalucia-e-islas-canarias-en-aegon-la-clave-del-exito-es-un-bue\\\/#breadcrumb\",\"itemListElement\":[{\"@type\":\"ListItem\",\"position\":1,\"name\":\"Portada\",\"item\":\"https:\\\/\\\/www.segurosaegon.com\\\/canalmediadores\\\/\"},{\"@type\":\"ListItem\",\"position\":2,\"name\":\"Entrevista a Ignacio Ord\u00f3\u00f1ez, Responsable territorial de negocio Colectivo de Asturias, Cantabria, Pa\u00eds Vasco, Navarra, La Rioja, Extremadura, Andaluc\u00eda e Islas Canarias en Aegon: \u00abLa clave del \u00e9xito es un buen producto y saberse adaptar a las necesidades de los clientes y los mediadores\u00bb\"}]},{\"@type\":\"WebSite\",\"@id\":\"https:\\\/\\\/www.segurosaegon.com\\\/canalmediadores\\\/#website\",\"url\":\"https:\\\/\\\/www.segurosaegon.com\\\/canalmediadores\\\/\",\"name\":\"Canal Mediadores - Aegon Seguros de Vida y Salud\",\"description\":\"\",\"publisher\":{\"@id\":\"https:\\\/\\\/www.segurosaegon.com\\\/canalmediadores\\\/#organization\"},\"potentialAction\":[{\"@type\":\"SearchAction\",\"target\":{\"@type\":\"EntryPoint\",\"urlTemplate\":\"https:\\\/\\\/www.segurosaegon.com\\\/canalmediadores\\\/?s={search_term_string}\"},\"query-input\":{\"@type\":\"PropertyValueSpecification\",\"valueRequired\":true,\"valueName\":\"search_term_string\"}}],\"inLanguage\":\"es\"},{\"@type\":\"Organization\",\"@id\":\"https:\\\/\\\/www.segurosaegon.com\\\/canalmediadores\\\/#organization\",\"name\":\"Canal Mediadores - Aegon Seguros de Vida y Salud\",\"url\":\"https:\\\/\\\/www.segurosaegon.com\\\/canalmediadores\\\/\",\"logo\":{\"@type\":\"ImageObject\",\"inLanguage\":\"es\",\"@id\":\"https:\\\/\\\/www.segurosaegon.com\\\/canalmediadores\\\/#\\\/schema\\\/logo\\\/image\\\/\",\"url\":\"https:\\\/\\\/www.segurosaegon.com\\\/canalmediadores\\\/wp-content\\\/uploads\\\/sites\\\/40\\\/2024\\\/06\\\/Aegon_Logo_2024_PEQv2.png\",\"contentUrl\":\"https:\\\/\\\/www.segurosaegon.com\\\/canalmediadores\\\/wp-content\\\/uploads\\\/sites\\\/40\\\/2024\\\/06\\\/Aegon_Logo_2024_PEQv2.png\",\"width\":147,\"height\":39,\"caption\":\"Canal Mediadores - Aegon Seguros de Vida y Salud\"},\"image\":{\"@id\":\"https:\\\/\\\/www.segurosaegon.com\\\/canalmediadores\\\/#\\\/schema\\\/logo\\\/image\\\/\"}}]}<\/script>\n<!-- \/ Yoast SEO plugin. -->","yoast_head_json":{"title":"Entrevista a Ignacio Ord\u00f3\u00f1ez, Responsable territorial de negocio Colectivo de Asturias, Cantabria, Pa\u00eds Vasco, Navarra, La Rioja, Extremadura, Andaluc\u00eda e Islas Canarias en Aegon: \"La clave del \u00e9xito es un buen producto y saberse adaptar a las necesidades de los clientes y los mediadores\" - Canal Mediadores - Aegon Seguros de Vida y Salud","robots":{"index":"index","follow":"follow","max-snippet":"max-snippet:-1","max-image-preview":"max-image-preview:large","max-video-preview":"max-video-preview:-1"},"canonical":"https:\/\/www.segurosaegon.com\/canalmediadores\/2025\/06\/20\/entrevista-a-ignacio-ordonez-responsable-territorial-de-negocio-colectivo-de-asturias-cantabria-pais-vasco-navarra-la-rioja-extremadura-andalucia-e-islas-canarias-en-aegon-la-clave-del-exito-es-un-bue\/","og_locale":"es_ES","og_type":"article","og_title":"Entrevista a Ignacio Ord\u00f3\u00f1ez, Responsable territorial de negocio Colectivo de Asturias, Cantabria, Pa\u00eds Vasco, Navarra, La Rioja, Extremadura, Andaluc\u00eda e Islas Canarias en Aegon: \"La clave del \u00e9xito es un buen producto y saberse adaptar a las necesidades de los clientes y los mediadores\" - Canal Mediadores - Aegon Seguros de Vida y Salud","og_description":"Con una fuerte implantaci\u00f3n en el norte y sur del pa\u00eds, Aegon refuerza su apuesta por el seguro colectivo en territorios con gran diversidad empresarial. Hablamos con Ignacio Ord\u00f3\u00f1ez, Responsable territorial de negocio Colectivo de Asturias, Cantabria, Pa\u00eds Vasco y Andaluc\u00eda, sobre la estrategia de cercan\u00eda, digitalizaci\u00f3n y colaboraci\u00f3n que impulsa la compa\u00f1\u00eda.","og_url":"https:\/\/www.segurosaegon.com\/canalmediadores\/2025\/06\/20\/entrevista-a-ignacio-ordonez-responsable-territorial-de-negocio-colectivo-de-asturias-cantabria-pais-vasco-navarra-la-rioja-extremadura-andalucia-e-islas-canarias-en-aegon-la-clave-del-exito-es-un-bue\/","og_site_name":"Canal Mediadores - Aegon Seguros de Vida y Salud","article_published_time":"2025-06-20T11:25:49+00:00","article_modified_time":"2025-10-09T06:52:14+00:00","og_image":[{"width":2048,"height":1531,"url":"https:\/\/www.segurosaegon.com\/canalmediadores\/wp-content\/uploads\/sites\/40\/2025\/06\/Noticia-1_-Foto-Ignacio-Ordonez.avif","type":"image\/png"}],"twitter_card":"summary_large_image","twitter_misc":{"Tiempo de lectura":"5 minutos"},"schema":{"@context":"https:\/\/schema.org","@graph":[{"@type":"Article","@id":"https:\/\/www.segurosaegon.com\/canalmediadores\/2025\/06\/20\/entrevista-a-ignacio-ordonez-responsable-territorial-de-negocio-colectivo-de-asturias-cantabria-pais-vasco-navarra-la-rioja-extremadura-andalucia-e-islas-canarias-en-aegon-la-clave-del-exito-es-un-bue\/#article","isPartOf":{"@id":"https:\/\/www.segurosaegon.com\/canalmediadores\/2025\/06\/20\/entrevista-a-ignacio-ordonez-responsable-territorial-de-negocio-colectivo-de-asturias-cantabria-pais-vasco-navarra-la-rioja-extremadura-andalucia-e-islas-canarias-en-aegon-la-clave-del-exito-es-un-bue\/"},"author":{"name":"","@id":""},"headline":"Entrevista a Ignacio Ord\u00f3\u00f1ez, Responsable territorial de negocio Colectivo de Asturias, Cantabria, Pa\u00eds Vasco, Navarra, La Rioja, Extremadura, Andaluc\u00eda e Islas Canarias en Aegon: \u00abLa clave del \u00e9xito es un buen producto y saberse adaptar a las necesidades de los clientes y los mediadores\u00bb","datePublished":"2025-06-20T11:25:49+00:00","dateModified":"2025-10-09T06:52:14+00:00","mainEntityOfPage":{"@id":"https:\/\/www.segurosaegon.com\/canalmediadores\/2025\/06\/20\/entrevista-a-ignacio-ordonez-responsable-territorial-de-negocio-colectivo-de-asturias-cantabria-pais-vasco-navarra-la-rioja-extremadura-andalucia-e-islas-canarias-en-aegon-la-clave-del-exito-es-un-bue\/"},"wordCount":946,"commentCount":0,"publisher":{"@id":"https:\/\/www.segurosaegon.com\/canalmediadores\/#organization"},"image":{"@id":"https:\/\/www.segurosaegon.com\/canalmediadores\/2025\/06\/20\/entrevista-a-ignacio-ordonez-responsable-territorial-de-negocio-colectivo-de-asturias-cantabria-pais-vasco-navarra-la-rioja-extremadura-andalucia-e-islas-canarias-en-aegon-la-clave-del-exito-es-un-bue\/#primaryimage"},"thumbnailUrl":"https:\/\/www.segurosaegon.com\/canalmediadores\/wp-content\/uploads\/sites\/40\/2025\/06\/Noticia-1_-Foto-Ignacio-Ordonez.avif","articleSection":["ENTREVISTAS"],"inLanguage":"es","potentialAction":[{"@type":"CommentAction","name":"Comment","target":["https:\/\/www.segurosaegon.com\/canalmediadores\/2025\/06\/20\/entrevista-a-ignacio-ordonez-responsable-territorial-de-negocio-colectivo-de-asturias-cantabria-pais-vasco-navarra-la-rioja-extremadura-andalucia-e-islas-canarias-en-aegon-la-clave-del-exito-es-un-bue\/#respond"]}]},{"@type":"WebPage","@id":"https:\/\/www.segurosaegon.com\/canalmediadores\/2025\/06\/20\/entrevista-a-ignacio-ordonez-responsable-territorial-de-negocio-colectivo-de-asturias-cantabria-pais-vasco-navarra-la-rioja-extremadura-andalucia-e-islas-canarias-en-aegon-la-clave-del-exito-es-un-bue\/","url":"https:\/\/www.segurosaegon.com\/canalmediadores\/2025\/06\/20\/entrevista-a-ignacio-ordonez-responsable-territorial-de-negocio-colectivo-de-asturias-cantabria-pais-vasco-navarra-la-rioja-extremadura-andalucia-e-islas-canarias-en-aegon-la-clave-del-exito-es-un-bue\/","name":"Entrevista a Ignacio Ord\u00f3\u00f1ez, Responsable territorial de negocio Colectivo de Asturias, Cantabria, Pa\u00eds Vasco, Navarra, La Rioja, Extremadura, Andaluc\u00eda e Islas Canarias en Aegon: \"La clave del \u00e9xito es un buen producto y saberse adaptar a las necesidades de los clientes y los mediadores\" - Canal Mediadores - Aegon Seguros de Vida y Salud","isPartOf":{"@id":"https:\/\/www.segurosaegon.com\/canalmediadores\/#website"},"primaryImageOfPage":{"@id":"https:\/\/www.segurosaegon.com\/canalmediadores\/2025\/06\/20\/entrevista-a-ignacio-ordonez-responsable-territorial-de-negocio-colectivo-de-asturias-cantabria-pais-vasco-navarra-la-rioja-extremadura-andalucia-e-islas-canarias-en-aegon-la-clave-del-exito-es-un-bue\/#primaryimage"},"image":{"@id":"https:\/\/www.segurosaegon.com\/canalmediadores\/2025\/06\/20\/entrevista-a-ignacio-ordonez-responsable-territorial-de-negocio-colectivo-de-asturias-cantabria-pais-vasco-navarra-la-rioja-extremadura-andalucia-e-islas-canarias-en-aegon-la-clave-del-exito-es-un-bue\/#primaryimage"},"thumbnailUrl":"https:\/\/www.segurosaegon.com\/canalmediadores\/wp-content\/uploads\/sites\/40\/2025\/06\/Noticia-1_-Foto-Ignacio-Ordonez.avif","datePublished":"2025-06-20T11:25:49+00:00","dateModified":"2025-10-09T06:52:14+00:00","breadcrumb":{"@id":"https:\/\/www.segurosaegon.com\/canalmediadores\/2025\/06\/20\/entrevista-a-ignacio-ordonez-responsable-territorial-de-negocio-colectivo-de-asturias-cantabria-pais-vasco-navarra-la-rioja-extremadura-andalucia-e-islas-canarias-en-aegon-la-clave-del-exito-es-un-bue\/#breadcrumb"},"inLanguage":"es","potentialAction":[{"@type":"ReadAction","target":["https:\/\/www.segurosaegon.com\/canalmediadores\/2025\/06\/20\/entrevista-a-ignacio-ordonez-responsable-territorial-de-negocio-colectivo-de-asturias-cantabria-pais-vasco-navarra-la-rioja-extremadura-andalucia-e-islas-canarias-en-aegon-la-clave-del-exito-es-un-bue\/"]}]},{"@type":"ImageObject","inLanguage":"es","@id":"https:\/\/www.segurosaegon.com\/canalmediadores\/2025\/06\/20\/entrevista-a-ignacio-ordonez-responsable-territorial-de-negocio-colectivo-de-asturias-cantabria-pais-vasco-navarra-la-rioja-extremadura-andalucia-e-islas-canarias-en-aegon-la-clave-del-exito-es-un-bue\/#primaryimage","url":"https:\/\/www.segurosaegon.com\/canalmediadores\/wp-content\/uploads\/sites\/40\/2025\/06\/Noticia-1_-Foto-Ignacio-Ordonez.avif","contentUrl":"https:\/\/www.segurosaegon.com\/canalmediadores\/wp-content\/uploads\/sites\/40\/2025\/06\/Noticia-1_-Foto-Ignacio-Ordonez.avif","width":2048,"height":1531},{"@type":"BreadcrumbList","@id":"https:\/\/www.segurosaegon.com\/canalmediadores\/2025\/06\/20\/entrevista-a-ignacio-ordonez-responsable-territorial-de-negocio-colectivo-de-asturias-cantabria-pais-vasco-navarra-la-rioja-extremadura-andalucia-e-islas-canarias-en-aegon-la-clave-del-exito-es-un-bue\/#breadcrumb","itemListElement":[{"@type":"ListItem","position":1,"name":"Portada","item":"https:\/\/www.segurosaegon.com\/canalmediadores\/"},{"@type":"ListItem","position":2,"name":"Entrevista a Ignacio Ord\u00f3\u00f1ez, Responsable territorial de negocio Colectivo de Asturias, Cantabria, Pa\u00eds Vasco, Navarra, La Rioja, Extremadura, Andaluc\u00eda e Islas Canarias en Aegon: \u00abLa clave del \u00e9xito es un buen producto y saberse adaptar a las necesidades de los clientes y los mediadores\u00bb"}]},{"@type":"WebSite","@id":"https:\/\/www.segurosaegon.com\/canalmediadores\/#website","url":"https:\/\/www.segurosaegon.com\/canalmediadores\/","name":"Canal Mediadores - Aegon Seguros de Vida y Salud","description":"","publisher":{"@id":"https:\/\/www.segurosaegon.com\/canalmediadores\/#organization"},"potentialAction":[{"@type":"SearchAction","target":{"@type":"EntryPoint","urlTemplate":"https:\/\/www.segurosaegon.com\/canalmediadores\/?s={search_term_string}"},"query-input":{"@type":"PropertyValueSpecification","valueRequired":true,"valueName":"search_term_string"}}],"inLanguage":"es"},{"@type":"Organization","@id":"https:\/\/www.segurosaegon.com\/canalmediadores\/#organization","name":"Canal Mediadores - Aegon Seguros de Vida y Salud","url":"https:\/\/www.segurosaegon.com\/canalmediadores\/","logo":{"@type":"ImageObject","inLanguage":"es","@id":"https:\/\/www.segurosaegon.com\/canalmediadores\/#\/schema\/logo\/image\/","url":"https:\/\/www.segurosaegon.com\/canalmediadores\/wp-content\/uploads\/sites\/40\/2024\/06\/Aegon_Logo_2024_PEQv2.png","contentUrl":"https:\/\/www.segurosaegon.com\/canalmediadores\/wp-content\/uploads\/sites\/40\/2024\/06\/Aegon_Logo_2024_PEQv2.png","width":147,"height":39,"caption":"Canal Mediadores - Aegon Seguros de Vida y Salud"},"image":{"@id":"https:\/\/www.segurosaegon.com\/canalmediadores\/#\/schema\/logo\/image\/"}}]}},"_links":{"self":[{"href":"https:\/\/www.segurosaegon.com\/canalmediadores\/wp-json\/wp\/v2\/posts\/5898","targetHints":{"allow":["GET"]}}],"collection":[{"href":"https:\/\/www.segurosaegon.com\/canalmediadores\/wp-json\/wp\/v2\/posts"}],"about":[{"href":"https:\/\/www.segurosaegon.com\/canalmediadores\/wp-json\/wp\/v2\/types\/post"}],"replies":[{"embeddable":true,"href":"https:\/\/www.segurosaegon.com\/canalmediadores\/wp-json\/wp\/v2\/comments?post=5898"}],"version-history":[{"count":4,"href":"https:\/\/www.segurosaegon.com\/canalmediadores\/wp-json\/wp\/v2\/posts\/5898\/revisions"}],"predecessor-version":[{"id":5950,"href":"https:\/\/www.segurosaegon.com\/canalmediadores\/wp-json\/wp\/v2\/posts\/5898\/revisions\/5950"}],"wp:featuredmedia":[{"embeddable":true,"href":"https:\/\/www.segurosaegon.com\/canalmediadores\/wp-json\/wp\/v2\/media\/5889"}],"wp:attachment":[{"href":"https:\/\/www.segurosaegon.com\/canalmediadores\/wp-json\/wp\/v2\/media?parent=5898"}],"wp:term":[{"taxonomy":"category","embeddable":true,"href":"https:\/\/www.segurosaegon.com\/canalmediadores\/wp-json\/wp\/v2\/categories?post=5898"},{"taxonomy":"post_tag","embeddable":true,"href":"https:\/\/www.segurosaegon.com\/canalmediadores\/wp-json\/wp\/v2\/tags?post=5898"}],"curies":[{"name":"wp","href":"https:\/\/api.w.org\/{rel}","templated":true}]}}