{"id":5900,"date":"2025-06-20T13:26:54","date_gmt":"2025-06-20T11:26:54","guid":{"rendered":"https:\/\/www.segurosaegon.com\/canalmediadores\/?p=5900"},"modified":"2025-10-10T11:16:04","modified_gmt":"2025-10-10T09:16:04","slug":"entrevista-a-elena-zabalo-responsable-territorial-de-negocio-colectivo-de-madrid-castilla-la-mancha-castilla-y-leon-galicia-en-aegon","status":"publish","type":"post","link":"https:\/\/www.segurosaegon.com\/canalmediadores\/2025\/06\/20\/entrevista-a-elena-zabalo-responsable-territorial-de-negocio-colectivo-de-madrid-castilla-la-mancha-castilla-y-leon-galicia-en-aegon\/","title":{"rendered":"Entrevista a Elena Zabalo, Responsable territorial de negocio Colectivo de Madrid, Castilla la Mancha, Castilla y Le\u00f3n, Galicia en Aegon"},"content":{"rendered":"\n<h2 class=\"wp-block-heading has-custom-warm-black-color has-text-color has-link-color has-forever-forma-heading-font-family wp-elements-fa5d323ad8bbbdecb2f3f35118dd5cb0\" style=\"padding-top:20px;font-size:clamp(16.293px, 1.018rem + ((1vw - 3.2px) * 0.989), 25px);font-style:normal;font-weight:700\">1. Elena, \u00bfc\u00f3mo ha influido la presencia de Aegon en la zona centro en el desarrollo y \u00e9xito de los seguros colectivos para las empresas de esta \u00e1rea?<\/h2>\n\n\n\n<p class=\"has-custom-warm-black-color has-text-color has-link-color has-forever-forma-body-text-font-family wp-elements-75aeab625a7d3b8c5b9b0f1cf90923b3\" style=\"font-size:clamp(14px, 0.875rem + ((1vw - 3.2px) * 0.341), 17px);line-height:1.2\">La presencia de <em>Aegon <\/em>en la zona centro ha sido fundamental para el desarrollo y \u00e9xito de nuestros seguros colectivos como compa\u00f1\u00eda.<\/p>\n\n\n\n<p class=\"has-custom-warm-black-color has-text-color has-link-color has-forever-forma-body-text-font-family wp-elements-18d481ff384b2b4f49e7f7961e6f0cfd\" style=\"font-size:clamp(14px, 0.875rem + ((1vw - 3.2px) * 0.341), 17px);line-height:1.2\">Adem\u00e1s, nuestra ubicaci\u00f3n nos ha permitido establecer relaciones s\u00f3lidas con diversas empresas y mediadores de seguros en las regiones. Esta proximidad no solo facilita la comunicaci\u00f3n y la colaboraci\u00f3n, sino que tambi\u00e9n nos permite responder de manera m\u00e1s \u00e1gil y efectiva a las demandas del mercado local.<\/p>\n\n\n\n<p class=\"has-custom-warm-black-color has-text-color has-link-color has-forever-forma-body-text-font-family wp-elements-aca6ab217e2574ff74c91d66279ce58a\" style=\"font-size:clamp(14px, 0.875rem + ((1vw - 3.2px) * 0.341), 17px);line-height:1.2\">La c\u00e9ntrica presencia nos ha brindado la oportunidad de participar activamente en eventos y foros empresariales, lo que nos da acceso a compartir nuestras innovaciones y mejores pr\u00e1cticas en seguros colectivos. Esto ha contribuido a fortalecer nuestra reputaci\u00f3n como l\u00edderes en el sector y a consolidar nuestra posici\u00f3n en el mercado.<\/p>\n\n\n\n<h2 class=\"wp-block-heading has-custom-warm-black-color has-text-color has-link-color has-forever-forma-heading-font-family wp-elements-c42877ebaf974ccaced73c08db82327a\" style=\"padding-top:20px;font-size:clamp(16.293px, 1.018rem + ((1vw - 3.2px) * 0.989), 25px);font-style:normal;font-weight:700\">2. \u00bfCu\u00e1les son los principales beneficios que ofrece el seguro de colectivos de Aegon para las empresas y sus empleados?<\/h2>\n\n\n\n<p class=\"has-custom-warm-black-color has-text-color has-link-color has-forever-forma-body-text-font-family wp-elements-cec13868219654c17a2e2685cb49b20d\" style=\"font-size:clamp(14px, 0.875rem + ((1vw - 3.2px) * 0.341), 17px);line-height:1.2\">Nuestro seguro de colectivos ofrece m\u00faltiples ventajas, donde destaca el f\u00e1cil acceso a pruebas m\u00e9dicas, acceso directo a especialistas, listas de espera reducidas, beneficios fiscales, libre elecci\u00f3n de m\u00e9dicos y especialistas con horarios flexibles, hospitalizaci\u00f3n individual y programas de medicina preventiva. Tambi\u00e9n tenemos un <em>pack bienestar<\/em> para empleados que incluye los mejores servicios con descuentos exclusivos, entre los que se incluye especialistas como fisioterapia, osteopat\u00eda o logopedia.<\/p>\n\n\n\n<p class=\"has-custom-warm-black-color has-text-color has-link-color has-forever-forma-body-text-font-family wp-elements-1af933c69cb67842a9f0ceda4fe32489\" style=\"font-size:clamp(14px, 0.875rem + ((1vw - 3.2px) * 0.341), 17px);line-height:1.2\">Adem\u00e1s, otro de los beneficios destacados es la telemedicina, que permite a los empleados acceder directamente a una amplia red de m\u00e9dicos generales y especialistas sin necesidad de acudir a un centro m\u00e9dico. Este servicio se puede utilizar a trav\u00e9s de chat, llamada o videollamada.<\/p>\n\n\n\n<p class=\"has-custom-warm-black-color has-text-color has-link-color has-forever-forma-body-text-font-family wp-elements-21b367fad7223b4c0bd75cf84244b39d\" style=\"font-size:clamp(14px, 0.875rem + ((1vw - 3.2px) * 0.341), 17px);line-height:1.2\">Estos beneficios no solo mejoran la salud y el bienestar de los empleados, sino que tambi\u00e9n contribuyen a un entorno laboral m\u00e1s productivo y satisfactorio. En <em>Aegon<\/em>, llevamos m\u00e1s de 40 a\u00f1os desarrollado productos innovadores que no solo protegen a los empleados, sino que tambi\u00e9n aportan valor a\u00f1adido a las empresas.<\/p>\n\n\n\n<h2 class=\"wp-block-heading has-custom-warm-black-color has-text-color has-link-color has-forever-forma-heading-font-family wp-elements-1857b075df2e3792a71286a05d0e8e47\" style=\"padding-top:20px;font-size:clamp(16.293px, 1.018rem + ((1vw - 3.2px) * 0.989), 25px);font-style:normal;font-weight:700\">3. En Aegon os describ\u00eds como \u00abPersonas que cuidan personas\u00bb. \u00bfC\u00f3mo se refleja este enfoque en los seguros colectivos que ofrec\u00e9is?<\/h2>\n\n\n\n<p class=\"has-custom-warm-black-color has-text-color has-link-color has-forever-forma-body-text-font-family wp-elements-9190c538b5b85769f81b95f36171edb2\" style=\"font-size:clamp(14px, 0.875rem + ((1vw - 3.2px) * 0.341), 17px);line-height:1.2\">\u00abPersonas que cuidan personas\u00bb es m\u00e1s que un eslogan para nosotros; es nuestra filosof\u00eda de trabajo. En <em>Aegon<\/em>, creemos firmemente en la importancia de las relaciones humanas y en ofrecer un servicio personalizado.<\/p>\n\n\n\n<p class=\"has-custom-warm-black-color has-text-color has-link-color has-forever-forma-body-text-font-family wp-elements-fd17b74eaf35eda6ba0b0bec63ad4938\" style=\"font-size:clamp(14px, 0.875rem + ((1vw - 3.2px) * 0.341), 17px);line-height:1.2\">En el caso de los seguros colectivos, esto significa que trabajamos estrechamente con las empresas y corredur\u00edas para entender sus necesidades espec\u00edficas y dise\u00f1ar soluciones que realmente marquen la diferencia para sus empleados. Nuestro objetivo es que cada empleado se sienta valorado y cuidado, lo cual se traduce en una mayor satisfacci\u00f3n y lealtad hacia la empresa. Adem\u00e1s, estamos muy orgullosos de haber sido elegidos por sexto a\u00f1o consecutivo como el mejor servicio de atenci\u00f3n al cliente en productos de salud y vida.<\/p>\n\n\n\n<p class=\"has-custom-warm-black-color has-text-color has-link-color has-forever-forma-body-text-font-family wp-elements-2bc502062f7549d28ffa7fa36e72dcdb\" style=\"font-size:clamp(14px, 0.875rem + ((1vw - 3.2px) * 0.341), 17px);line-height:1.2\">Estos reconocimientos reflejan nuestro compromiso constante con la excelencia en el servicio. En <em>Aegon<\/em>, nos esforzamos por ofrecer una atenci\u00f3n cercana, eficiente y resolutiva, asegur\u00e1ndonos de que nuestros clientes siempre se sientan apoyados y escuchados.<\/p>\n\n\n\n<h2 class=\"wp-block-heading has-custom-warm-black-color has-text-color has-link-color has-forever-forma-heading-font-family wp-elements-5d51ad1e2ca0fe69249c464ee11dccea\" style=\"padding-top:20px;font-size:clamp(16.293px, 1.018rem + ((1vw - 3.2px) * 0.989), 25px);font-style:normal;font-weight:700\">4. \u00bfQu\u00e9 herramientas ofrece Aegon para la gesti\u00f3n de los seguros?<\/h2>\n\n\n\n<p class=\"has-custom-warm-black-color has-text-color has-link-color has-forever-forma-body-text-font-family wp-elements-391e9296036da3a5c16f3f7c66cbda64\" style=\"font-size:clamp(14px, 0.875rem + ((1vw - 3.2px) * 0.341), 17px);line-height:1.2\">En <em>Aegon<\/em>, contamos con un equipo especializado que trabaja en estrecha colaboraci\u00f3n con los mediadores y las empresas para garantizar una implementaci\u00f3n y gesti\u00f3n eficiente de los seguros.<\/p>\n\n\n\n<p class=\"has-custom-warm-black-color has-text-color has-link-color has-forever-forma-body-text-font-family wp-elements-aa3ab2d3a5858ed26f1da7976f10b9a8\" style=\"font-size:clamp(14px, 0.875rem + ((1vw - 3.2px) * 0.341), 17px);line-height:1.2\">Hemos creado un equipo mixto que combina la experiencia y el conocimiento de los gerentes de mediaci\u00f3n con la de los responsables territoriales de colectivos. De esta manera el negocio de colectivos se apalanca, da soporte y coordina bajo las directrices del director territorial de mediaci\u00f3n. Esta colaboraci\u00f3n nos permite ofrecer un acompa\u00f1amiento \u00fanico, con una sola voz, m\u00e1s coherente y adaptado a las necesidades reales de los mediadores. Queremos estar cerca, escuchar y ayudar a desarrollar su negocio con soluciones espec\u00edficas para cada tipo de corredur\u00eda.<\/p>\n\n\n\n<p class=\"has-custom-warm-black-color has-text-color has-link-color has-forever-forma-body-text-font-family wp-elements-86b605a3c54d01616dfed5d7abbc4087\" style=\"font-size:clamp(14px, 0.875rem + ((1vw - 3.2px) * 0.341), 17px);line-height:1.2\">Adem\u00e1s, proporcionamos herramientas y recursos que facilitan la administraci\u00f3n de las p\u00f3lizas y mejoran la experiencia del usuario final. Por ejemplo, ofrecemos plataformas digitales que permiten a los empleados gestionar sus seguros de manera sencilla y acceder a informaci\u00f3n relevante en cualquier momento. Tambi\u00e9n realizamos sesiones de formaci\u00f3n y soporte continuo para los responsables, asegurando que puedan manejar las p\u00f3lizas con facilidad y eficiencia. Todo esto contribuye a que las empresas puedan centrarse en su actividad principal, mientras nosotros nos encargamos de que sus empleados est\u00e9n bien protegidos y satisfechos.<\/p>\n\n\n\n<h2 class=\"wp-block-heading has-custom-warm-black-color has-text-color has-link-color has-forever-forma-heading-font-family wp-elements-89578283b5f6866ba178d7793bf1359a\" style=\"padding-top:20px;font-size:clamp(16.293px, 1.018rem + ((1vw - 3.2px) * 0.989), 25px);font-style:normal;font-weight:700\">5. \u00bfC\u00f3mo ves el futuro de los seguros colectivos y qu\u00e9 papel jugar\u00e1 Aegon en este \u00e1mbito?<\/h2>\n\n\n\n<p class=\"has-custom-warm-black-color has-text-color has-link-color has-forever-forma-body-text-font-family wp-elements-ea2ef449e1e2a8db17e90fcd9bbf7c3d\" style=\"font-size:clamp(14px, 0.875rem + ((1vw - 3.2px) * 0.341), 17px);line-height:1.2\">El futuro de los seguros colectivos es muy prometedor. Cada vez m\u00e1s empresas reconocen la importancia de ofrecer beneficios adicionales a sus empleados, no solo como una forma de protecci\u00f3n, sino tambi\u00e9n como una herramienta para mejorar el bienestar y la satisfacci\u00f3n laboral. En <em>Aegon<\/em>, continuaremos innovando y adapt\u00e1ndonos a las nuevas demandas del mercado, siempre con el objetivo de ser l\u00edderes en el sector y ofrecer el mejor servicio posible a nuestros clientes.<\/p>\n\n\n\n<p class=\"has-custom-warm-black-color has-text-color has-link-color has-forever-forma-body-text-font-family wp-elements-7d7e6e001ed7e66ea14672bcaf99767f\" style=\"font-size:clamp(14px, 0.875rem + ((1vw - 3.2px) * 0.341), 17px);line-height:1.2\">Estamos para apoyar a nuestros corredores, empresas y sus empleados, ofreciendo soluciones de seguros colectivos que realmente marcan la diferencia. Estamos comprometidos con la excelencia y con seguir siendo \u00abpersonas que cuidan personas\u00bb.<\/p>\n","protected":false},"excerpt":{"rendered":"<p>La presencia de Aegon en la zona centro ha sido fundamental para el desarrollo y \u00e9xito de nuestros seguros colectivos como compa\u00f1\u00eda. Hablamos con Elena Zabalo, Responsable territorial de negocio Colectivo de Aegon de la zona centro, sobre los \u00faltimos cambios organizativos y el valor que aporta la compa\u00f1\u00eda a mediadores, empresas y empleados.<\/p>\n","protected":false},"author":0,"featured_media":5890,"comment_status":"open","ping_status":"open","sticky":false,"template":"","format":"standard","meta":{"footnotes":""},"categories":[1],"tags":[],"class_list":["post-5900","post","type-post","status-publish","format-standard","has-post-thumbnail","hentry","category-sin-categoria"],"yoast_head":"<!-- This site is optimized with the Yoast SEO plugin v27.4 - https:\/\/yoast.com\/product\/yoast-seo-wordpress\/ -->\n<title>Entrevista a Elena Zabalo, Responsable territorial de negocio Colectivo de Madrid, Castilla la Mancha, Castilla y Le\u00f3n, Galicia en Aegon - Canal Mediadores - Aegon Seguros de Vida y Salud<\/title>\n<meta name=\"robots\" content=\"index, follow, max-snippet:-1, max-image-preview:large, max-video-preview:-1\" \/>\n<link rel=\"canonical\" href=\"https:\/\/www.segurosaegon.com\/canalmediadores\/2025\/06\/20\/entrevista-a-elena-zabalo-responsable-territorial-de-negocio-colectivo-de-madrid-castilla-la-mancha-castilla-y-leon-galicia-en-aegon\/\" \/>\n<meta property=\"og:locale\" content=\"es_ES\" \/>\n<meta property=\"og:type\" content=\"article\" \/>\n<meta property=\"og:title\" content=\"Entrevista a Elena Zabalo, Responsable territorial de negocio Colectivo de Madrid, Castilla la Mancha, Castilla y Le\u00f3n, Galicia en Aegon - Canal Mediadores - Aegon Seguros de Vida y Salud\" \/>\n<meta property=\"og:description\" content=\"La presencia de Aegon en la zona centro ha sido fundamental para el desarrollo y \u00e9xito de nuestros seguros colectivos como compa\u00f1\u00eda. Hablamos con Elena Zabalo, Responsable territorial de negocio Colectivo de Aegon de la zona centro, sobre los \u00faltimos cambios organizativos y el valor que aporta la compa\u00f1\u00eda a mediadores, empresas y empleados.\" \/>\n<meta property=\"og:url\" content=\"https:\/\/www.segurosaegon.com\/canalmediadores\/2025\/06\/20\/entrevista-a-elena-zabalo-responsable-territorial-de-negocio-colectivo-de-madrid-castilla-la-mancha-castilla-y-leon-galicia-en-aegon\/\" \/>\n<meta property=\"og:site_name\" content=\"Canal Mediadores - Aegon Seguros de Vida y Salud\" \/>\n<meta property=\"article:published_time\" content=\"2025-06-20T11:26:54+00:00\" \/>\n<meta property=\"article:modified_time\" content=\"2025-10-10T09:16:04+00:00\" \/>\n<meta property=\"og:image\" content=\"https:\/\/www.segurosaegon.com\/canalmediadores\/wp-content\/uploads\/sites\/40\/2025\/06\/Noticia-1_Foto-Elena-Zabalo.avif\" \/>\n\t<meta property=\"og:image:width\" content=\"2048\" \/>\n\t<meta property=\"og:image:height\" content=\"1531\" \/>\n\t<meta property=\"og:image:type\" content=\"image\/png\" \/>\n<meta name=\"twitter:card\" content=\"summary_large_image\" \/>\n<meta name=\"twitter:label1\" content=\"Tiempo de lectura\" \/>\n\t<meta name=\"twitter:data1\" content=\"5 minutos\" \/>\n<script type=\"application\/ld+json\" class=\"yoast-schema-graph\">{\"@context\":\"https:\\\/\\\/schema.org\",\"@graph\":[{\"@type\":\"Article\",\"@id\":\"https:\\\/\\\/www.segurosaegon.com\\\/canalmediadores\\\/2025\\\/06\\\/20\\\/entrevista-a-elena-zabalo-responsable-territorial-de-negocio-colectivo-de-madrid-castilla-la-mancha-castilla-y-leon-galicia-en-aegon\\\/#article\",\"isPartOf\":{\"@id\":\"https:\\\/\\\/www.segurosaegon.com\\\/canalmediadores\\\/2025\\\/06\\\/20\\\/entrevista-a-elena-zabalo-responsable-territorial-de-negocio-colectivo-de-madrid-castilla-la-mancha-castilla-y-leon-galicia-en-aegon\\\/\"},\"author\":{\"name\":\"\",\"@id\":\"\"},\"headline\":\"Entrevista a Elena Zabalo, Responsable territorial de negocio Colectivo de Madrid, Castilla la Mancha, Castilla y Le\u00f3n, Galicia en Aegon\",\"datePublished\":\"2025-06-20T11:26:54+00:00\",\"dateModified\":\"2025-10-10T09:16:04+00:00\",\"mainEntityOfPage\":{\"@id\":\"https:\\\/\\\/www.segurosaegon.com\\\/canalmediadores\\\/2025\\\/06\\\/20\\\/entrevista-a-elena-zabalo-responsable-territorial-de-negocio-colectivo-de-madrid-castilla-la-mancha-castilla-y-leon-galicia-en-aegon\\\/\"},\"wordCount\":931,\"commentCount\":0,\"publisher\":{\"@id\":\"https:\\\/\\\/www.segurosaegon.com\\\/canalmediadores\\\/#organization\"},\"image\":{\"@id\":\"https:\\\/\\\/www.segurosaegon.com\\\/canalmediadores\\\/2025\\\/06\\\/20\\\/entrevista-a-elena-zabalo-responsable-territorial-de-negocio-colectivo-de-madrid-castilla-la-mancha-castilla-y-leon-galicia-en-aegon\\\/#primaryimage\"},\"thumbnailUrl\":\"https:\\\/\\\/www.segurosaegon.com\\\/canalmediadores\\\/wp-content\\\/uploads\\\/sites\\\/40\\\/2025\\\/06\\\/Noticia-1_Foto-Elena-Zabalo.avif\",\"inLanguage\":\"es\",\"potentialAction\":[{\"@type\":\"CommentAction\",\"name\":\"Comment\",\"target\":[\"https:\\\/\\\/www.segurosaegon.com\\\/canalmediadores\\\/2025\\\/06\\\/20\\\/entrevista-a-elena-zabalo-responsable-territorial-de-negocio-colectivo-de-madrid-castilla-la-mancha-castilla-y-leon-galicia-en-aegon\\\/#respond\"]}]},{\"@type\":\"WebPage\",\"@id\":\"https:\\\/\\\/www.segurosaegon.com\\\/canalmediadores\\\/2025\\\/06\\\/20\\\/entrevista-a-elena-zabalo-responsable-territorial-de-negocio-colectivo-de-madrid-castilla-la-mancha-castilla-y-leon-galicia-en-aegon\\\/\",\"url\":\"https:\\\/\\\/www.segurosaegon.com\\\/canalmediadores\\\/2025\\\/06\\\/20\\\/entrevista-a-elena-zabalo-responsable-territorial-de-negocio-colectivo-de-madrid-castilla-la-mancha-castilla-y-leon-galicia-en-aegon\\\/\",\"name\":\"Entrevista a Elena Zabalo, Responsable territorial de negocio Colectivo de Madrid, Castilla la Mancha, Castilla y Le\u00f3n, Galicia en Aegon - Canal Mediadores - Aegon Seguros de Vida y Salud\",\"isPartOf\":{\"@id\":\"https:\\\/\\\/www.segurosaegon.com\\\/canalmediadores\\\/#website\"},\"primaryImageOfPage\":{\"@id\":\"https:\\\/\\\/www.segurosaegon.com\\\/canalmediadores\\\/2025\\\/06\\\/20\\\/entrevista-a-elena-zabalo-responsable-territorial-de-negocio-colectivo-de-madrid-castilla-la-mancha-castilla-y-leon-galicia-en-aegon\\\/#primaryimage\"},\"image\":{\"@id\":\"https:\\\/\\\/www.segurosaegon.com\\\/canalmediadores\\\/2025\\\/06\\\/20\\\/entrevista-a-elena-zabalo-responsable-territorial-de-negocio-colectivo-de-madrid-castilla-la-mancha-castilla-y-leon-galicia-en-aegon\\\/#primaryimage\"},\"thumbnailUrl\":\"https:\\\/\\\/www.segurosaegon.com\\\/canalmediadores\\\/wp-content\\\/uploads\\\/sites\\\/40\\\/2025\\\/06\\\/Noticia-1_Foto-Elena-Zabalo.avif\",\"datePublished\":\"2025-06-20T11:26:54+00:00\",\"dateModified\":\"2025-10-10T09:16:04+00:00\",\"breadcrumb\":{\"@id\":\"https:\\\/\\\/www.segurosaegon.com\\\/canalmediadores\\\/2025\\\/06\\\/20\\\/entrevista-a-elena-zabalo-responsable-territorial-de-negocio-colectivo-de-madrid-castilla-la-mancha-castilla-y-leon-galicia-en-aegon\\\/#breadcrumb\"},\"inLanguage\":\"es\",\"potentialAction\":[{\"@type\":\"ReadAction\",\"target\":[\"https:\\\/\\\/www.segurosaegon.com\\\/canalmediadores\\\/2025\\\/06\\\/20\\\/entrevista-a-elena-zabalo-responsable-territorial-de-negocio-colectivo-de-madrid-castilla-la-mancha-castilla-y-leon-galicia-en-aegon\\\/\"]}]},{\"@type\":\"ImageObject\",\"inLanguage\":\"es\",\"@id\":\"https:\\\/\\\/www.segurosaegon.com\\\/canalmediadores\\\/2025\\\/06\\\/20\\\/entrevista-a-elena-zabalo-responsable-territorial-de-negocio-colectivo-de-madrid-castilla-la-mancha-castilla-y-leon-galicia-en-aegon\\\/#primaryimage\",\"url\":\"https:\\\/\\\/www.segurosaegon.com\\\/canalmediadores\\\/wp-content\\\/uploads\\\/sites\\\/40\\\/2025\\\/06\\\/Noticia-1_Foto-Elena-Zabalo.avif\",\"contentUrl\":\"https:\\\/\\\/www.segurosaegon.com\\\/canalmediadores\\\/wp-content\\\/uploads\\\/sites\\\/40\\\/2025\\\/06\\\/Noticia-1_Foto-Elena-Zabalo.avif\",\"width\":2048,\"height\":1531},{\"@type\":\"BreadcrumbList\",\"@id\":\"https:\\\/\\\/www.segurosaegon.com\\\/canalmediadores\\\/2025\\\/06\\\/20\\\/entrevista-a-elena-zabalo-responsable-territorial-de-negocio-colectivo-de-madrid-castilla-la-mancha-castilla-y-leon-galicia-en-aegon\\\/#breadcrumb\",\"itemListElement\":[{\"@type\":\"ListItem\",\"position\":1,\"name\":\"Portada\",\"item\":\"https:\\\/\\\/www.segurosaegon.com\\\/canalmediadores\\\/\"},{\"@type\":\"ListItem\",\"position\":2,\"name\":\"Entrevista a Elena Zabalo, Responsable territorial de negocio Colectivo de Madrid, Castilla la Mancha, Castilla y Le\u00f3n, Galicia en Aegon\"}]},{\"@type\":\"WebSite\",\"@id\":\"https:\\\/\\\/www.segurosaegon.com\\\/canalmediadores\\\/#website\",\"url\":\"https:\\\/\\\/www.segurosaegon.com\\\/canalmediadores\\\/\",\"name\":\"Canal Mediadores - Aegon Seguros de Vida y Salud\",\"description\":\"\",\"publisher\":{\"@id\":\"https:\\\/\\\/www.segurosaegon.com\\\/canalmediadores\\\/#organization\"},\"potentialAction\":[{\"@type\":\"SearchAction\",\"target\":{\"@type\":\"EntryPoint\",\"urlTemplate\":\"https:\\\/\\\/www.segurosaegon.com\\\/canalmediadores\\\/?s={search_term_string}\"},\"query-input\":{\"@type\":\"PropertyValueSpecification\",\"valueRequired\":true,\"valueName\":\"search_term_string\"}}],\"inLanguage\":\"es\"},{\"@type\":\"Organization\",\"@id\":\"https:\\\/\\\/www.segurosaegon.com\\\/canalmediadores\\\/#organization\",\"name\":\"Canal Mediadores - Aegon Seguros de Vida y Salud\",\"url\":\"https:\\\/\\\/www.segurosaegon.com\\\/canalmediadores\\\/\",\"logo\":{\"@type\":\"ImageObject\",\"inLanguage\":\"es\",\"@id\":\"https:\\\/\\\/www.segurosaegon.com\\\/canalmediadores\\\/#\\\/schema\\\/logo\\\/image\\\/\",\"url\":\"https:\\\/\\\/www.segurosaegon.com\\\/canalmediadores\\\/wp-content\\\/uploads\\\/sites\\\/40\\\/2024\\\/06\\\/Aegon_Logo_2024_PEQv2.png\",\"contentUrl\":\"https:\\\/\\\/www.segurosaegon.com\\\/canalmediadores\\\/wp-content\\\/uploads\\\/sites\\\/40\\\/2024\\\/06\\\/Aegon_Logo_2024_PEQv2.png\",\"width\":147,\"height\":39,\"caption\":\"Canal Mediadores - Aegon Seguros de Vida y Salud\"},\"image\":{\"@id\":\"https:\\\/\\\/www.segurosaegon.com\\\/canalmediadores\\\/#\\\/schema\\\/logo\\\/image\\\/\"}}]}<\/script>\n<!-- \/ Yoast SEO plugin. -->","yoast_head_json":{"title":"Entrevista a Elena Zabalo, Responsable territorial de negocio Colectivo de Madrid, Castilla la Mancha, Castilla y Le\u00f3n, Galicia en Aegon - Canal Mediadores - Aegon Seguros de Vida y Salud","robots":{"index":"index","follow":"follow","max-snippet":"max-snippet:-1","max-image-preview":"max-image-preview:large","max-video-preview":"max-video-preview:-1"},"canonical":"https:\/\/www.segurosaegon.com\/canalmediadores\/2025\/06\/20\/entrevista-a-elena-zabalo-responsable-territorial-de-negocio-colectivo-de-madrid-castilla-la-mancha-castilla-y-leon-galicia-en-aegon\/","og_locale":"es_ES","og_type":"article","og_title":"Entrevista a Elena Zabalo, Responsable territorial de negocio Colectivo de Madrid, Castilla la Mancha, Castilla y Le\u00f3n, Galicia en Aegon - Canal Mediadores - Aegon Seguros de Vida y Salud","og_description":"La presencia de Aegon en la zona centro ha sido fundamental para el desarrollo y \u00e9xito de nuestros seguros colectivos como compa\u00f1\u00eda. Hablamos con Elena Zabalo, Responsable territorial de negocio Colectivo de Aegon de la zona centro, sobre los \u00faltimos cambios organizativos y el valor que aporta la compa\u00f1\u00eda a mediadores, empresas y empleados.","og_url":"https:\/\/www.segurosaegon.com\/canalmediadores\/2025\/06\/20\/entrevista-a-elena-zabalo-responsable-territorial-de-negocio-colectivo-de-madrid-castilla-la-mancha-castilla-y-leon-galicia-en-aegon\/","og_site_name":"Canal Mediadores - Aegon Seguros de Vida y Salud","article_published_time":"2025-06-20T11:26:54+00:00","article_modified_time":"2025-10-10T09:16:04+00:00","og_image":[{"width":2048,"height":1531,"url":"https:\/\/www.segurosaegon.com\/canalmediadores\/wp-content\/uploads\/sites\/40\/2025\/06\/Noticia-1_Foto-Elena-Zabalo.avif","type":"image\/png"}],"twitter_card":"summary_large_image","twitter_misc":{"Tiempo de lectura":"5 minutos"},"schema":{"@context":"https:\/\/schema.org","@graph":[{"@type":"Article","@id":"https:\/\/www.segurosaegon.com\/canalmediadores\/2025\/06\/20\/entrevista-a-elena-zabalo-responsable-territorial-de-negocio-colectivo-de-madrid-castilla-la-mancha-castilla-y-leon-galicia-en-aegon\/#article","isPartOf":{"@id":"https:\/\/www.segurosaegon.com\/canalmediadores\/2025\/06\/20\/entrevista-a-elena-zabalo-responsable-territorial-de-negocio-colectivo-de-madrid-castilla-la-mancha-castilla-y-leon-galicia-en-aegon\/"},"author":{"name":"","@id":""},"headline":"Entrevista a Elena Zabalo, Responsable territorial de negocio Colectivo de Madrid, Castilla la Mancha, Castilla y Le\u00f3n, Galicia en Aegon","datePublished":"2025-06-20T11:26:54+00:00","dateModified":"2025-10-10T09:16:04+00:00","mainEntityOfPage":{"@id":"https:\/\/www.segurosaegon.com\/canalmediadores\/2025\/06\/20\/entrevista-a-elena-zabalo-responsable-territorial-de-negocio-colectivo-de-madrid-castilla-la-mancha-castilla-y-leon-galicia-en-aegon\/"},"wordCount":931,"commentCount":0,"publisher":{"@id":"https:\/\/www.segurosaegon.com\/canalmediadores\/#organization"},"image":{"@id":"https:\/\/www.segurosaegon.com\/canalmediadores\/2025\/06\/20\/entrevista-a-elena-zabalo-responsable-territorial-de-negocio-colectivo-de-madrid-castilla-la-mancha-castilla-y-leon-galicia-en-aegon\/#primaryimage"},"thumbnailUrl":"https:\/\/www.segurosaegon.com\/canalmediadores\/wp-content\/uploads\/sites\/40\/2025\/06\/Noticia-1_Foto-Elena-Zabalo.avif","inLanguage":"es","potentialAction":[{"@type":"CommentAction","name":"Comment","target":["https:\/\/www.segurosaegon.com\/canalmediadores\/2025\/06\/20\/entrevista-a-elena-zabalo-responsable-territorial-de-negocio-colectivo-de-madrid-castilla-la-mancha-castilla-y-leon-galicia-en-aegon\/#respond"]}]},{"@type":"WebPage","@id":"https:\/\/www.segurosaegon.com\/canalmediadores\/2025\/06\/20\/entrevista-a-elena-zabalo-responsable-territorial-de-negocio-colectivo-de-madrid-castilla-la-mancha-castilla-y-leon-galicia-en-aegon\/","url":"https:\/\/www.segurosaegon.com\/canalmediadores\/2025\/06\/20\/entrevista-a-elena-zabalo-responsable-territorial-de-negocio-colectivo-de-madrid-castilla-la-mancha-castilla-y-leon-galicia-en-aegon\/","name":"Entrevista a Elena Zabalo, Responsable territorial de negocio Colectivo de Madrid, Castilla la Mancha, Castilla y Le\u00f3n, Galicia en Aegon - Canal Mediadores - Aegon Seguros de Vida y Salud","isPartOf":{"@id":"https:\/\/www.segurosaegon.com\/canalmediadores\/#website"},"primaryImageOfPage":{"@id":"https:\/\/www.segurosaegon.com\/canalmediadores\/2025\/06\/20\/entrevista-a-elena-zabalo-responsable-territorial-de-negocio-colectivo-de-madrid-castilla-la-mancha-castilla-y-leon-galicia-en-aegon\/#primaryimage"},"image":{"@id":"https:\/\/www.segurosaegon.com\/canalmediadores\/2025\/06\/20\/entrevista-a-elena-zabalo-responsable-territorial-de-negocio-colectivo-de-madrid-castilla-la-mancha-castilla-y-leon-galicia-en-aegon\/#primaryimage"},"thumbnailUrl":"https:\/\/www.segurosaegon.com\/canalmediadores\/wp-content\/uploads\/sites\/40\/2025\/06\/Noticia-1_Foto-Elena-Zabalo.avif","datePublished":"2025-06-20T11:26:54+00:00","dateModified":"2025-10-10T09:16:04+00:00","breadcrumb":{"@id":"https:\/\/www.segurosaegon.com\/canalmediadores\/2025\/06\/20\/entrevista-a-elena-zabalo-responsable-territorial-de-negocio-colectivo-de-madrid-castilla-la-mancha-castilla-y-leon-galicia-en-aegon\/#breadcrumb"},"inLanguage":"es","potentialAction":[{"@type":"ReadAction","target":["https:\/\/www.segurosaegon.com\/canalmediadores\/2025\/06\/20\/entrevista-a-elena-zabalo-responsable-territorial-de-negocio-colectivo-de-madrid-castilla-la-mancha-castilla-y-leon-galicia-en-aegon\/"]}]},{"@type":"ImageObject","inLanguage":"es","@id":"https:\/\/www.segurosaegon.com\/canalmediadores\/2025\/06\/20\/entrevista-a-elena-zabalo-responsable-territorial-de-negocio-colectivo-de-madrid-castilla-la-mancha-castilla-y-leon-galicia-en-aegon\/#primaryimage","url":"https:\/\/www.segurosaegon.com\/canalmediadores\/wp-content\/uploads\/sites\/40\/2025\/06\/Noticia-1_Foto-Elena-Zabalo.avif","contentUrl":"https:\/\/www.segurosaegon.com\/canalmediadores\/wp-content\/uploads\/sites\/40\/2025\/06\/Noticia-1_Foto-Elena-Zabalo.avif","width":2048,"height":1531},{"@type":"BreadcrumbList","@id":"https:\/\/www.segurosaegon.com\/canalmediadores\/2025\/06\/20\/entrevista-a-elena-zabalo-responsable-territorial-de-negocio-colectivo-de-madrid-castilla-la-mancha-castilla-y-leon-galicia-en-aegon\/#breadcrumb","itemListElement":[{"@type":"ListItem","position":1,"name":"Portada","item":"https:\/\/www.segurosaegon.com\/canalmediadores\/"},{"@type":"ListItem","position":2,"name":"Entrevista a Elena Zabalo, Responsable territorial de negocio Colectivo de Madrid, Castilla la Mancha, Castilla y Le\u00f3n, Galicia en Aegon"}]},{"@type":"WebSite","@id":"https:\/\/www.segurosaegon.com\/canalmediadores\/#website","url":"https:\/\/www.segurosaegon.com\/canalmediadores\/","name":"Canal Mediadores - Aegon Seguros de Vida y Salud","description":"","publisher":{"@id":"https:\/\/www.segurosaegon.com\/canalmediadores\/#organization"},"potentialAction":[{"@type":"SearchAction","target":{"@type":"EntryPoint","urlTemplate":"https:\/\/www.segurosaegon.com\/canalmediadores\/?s={search_term_string}"},"query-input":{"@type":"PropertyValueSpecification","valueRequired":true,"valueName":"search_term_string"}}],"inLanguage":"es"},{"@type":"Organization","@id":"https:\/\/www.segurosaegon.com\/canalmediadores\/#organization","name":"Canal Mediadores - Aegon Seguros de Vida y Salud","url":"https:\/\/www.segurosaegon.com\/canalmediadores\/","logo":{"@type":"ImageObject","inLanguage":"es","@id":"https:\/\/www.segurosaegon.com\/canalmediadores\/#\/schema\/logo\/image\/","url":"https:\/\/www.segurosaegon.com\/canalmediadores\/wp-content\/uploads\/sites\/40\/2024\/06\/Aegon_Logo_2024_PEQv2.png","contentUrl":"https:\/\/www.segurosaegon.com\/canalmediadores\/wp-content\/uploads\/sites\/40\/2024\/06\/Aegon_Logo_2024_PEQv2.png","width":147,"height":39,"caption":"Canal Mediadores - Aegon Seguros de Vida y Salud"},"image":{"@id":"https:\/\/www.segurosaegon.com\/canalmediadores\/#\/schema\/logo\/image\/"}}]}},"_links":{"self":[{"href":"https:\/\/www.segurosaegon.com\/canalmediadores\/wp-json\/wp\/v2\/posts\/5900","targetHints":{"allow":["GET"]}}],"collection":[{"href":"https:\/\/www.segurosaegon.com\/canalmediadores\/wp-json\/wp\/v2\/posts"}],"about":[{"href":"https:\/\/www.segurosaegon.com\/canalmediadores\/wp-json\/wp\/v2\/types\/post"}],"replies":[{"embeddable":true,"href":"https:\/\/www.segurosaegon.com\/canalmediadores\/wp-json\/wp\/v2\/comments?post=5900"}],"version-history":[{"count":5,"href":"https:\/\/www.segurosaegon.com\/canalmediadores\/wp-json\/wp\/v2\/posts\/5900\/revisions"}],"predecessor-version":[{"id":5951,"href":"https:\/\/www.segurosaegon.com\/canalmediadores\/wp-json\/wp\/v2\/posts\/5900\/revisions\/5951"}],"wp:featuredmedia":[{"embeddable":true,"href":"https:\/\/www.segurosaegon.com\/canalmediadores\/wp-json\/wp\/v2\/media\/5890"}],"wp:attachment":[{"href":"https:\/\/www.segurosaegon.com\/canalmediadores\/wp-json\/wp\/v2\/media?parent=5900"}],"wp:term":[{"taxonomy":"category","embeddable":true,"href":"https:\/\/www.segurosaegon.com\/canalmediadores\/wp-json\/wp\/v2\/categories?post=5900"},{"taxonomy":"post_tag","embeddable":true,"href":"https:\/\/www.segurosaegon.com\/canalmediadores\/wp-json\/wp\/v2\/tags?post=5900"}],"curies":[{"name":"wp","href":"https:\/\/api.w.org\/{rel}","templated":true}]}}