{"id":5902,"date":"2025-06-20T13:28:19","date_gmt":"2025-06-20T11:28:19","guid":{"rendered":"https:\/\/www.segurosaegon.com\/canalmediadores\/?p=5902"},"modified":"2025-06-20T13:28:19","modified_gmt":"2025-06-20T11:28:19","slug":"ocho-de-cada-diez-consumidores-cree-que-el-ramo-de-salud-crecera-durante-los-proximos-anos","status":"publish","type":"post","link":"https:\/\/www.segurosaegon.com\/canalmediadores\/2025\/06\/20\/ocho-de-cada-diez-consumidores-cree-que-el-ramo-de-salud-crecera-durante-los-proximos-anos\/","title":{"rendered":"Ocho de cada diez consumidores cree que el ramo de salud crecer\u00e1 durante los pr\u00f3ximos a\u00f1os"},"content":{"rendered":"\n<ul class=\"wp-block-list\">\n<li class=\"has-custom-warm-black-color has-text-color has-link-color has-forever-forma-heading-font-family wp-elements-b809b22069611d1db54d4d2c909b22ef\" style=\"margin-top:0px;margin-bottom:0px;padding-top:0px;padding-bottom:15px;font-size:clamp(14px, 0.875rem + ((1vw - 3.2px) * 0.682), 20px);font-style:normal;font-weight:400;line-height:1.2\">Ganar agilidad en las citas y reducir los tiempos de espera contin\u00faa siendo la principal raz\u00f3n para contratar una p\u00f3liza de salud (casi un 45%), seguida de la tranquilidad de tener cubiertas las cuestiones de salud en la familia (21%).<\/li>\n\n\n\n<li class=\"has-custom-warm-black-color has-text-color has-link-color has-forever-forma-heading-font-family wp-elements-dab530945f0c6e3dcca8ad9bdfe63b43\" style=\"font-size:clamp(14px, 0.875rem + ((1vw - 3.2px) * 0.682), 20px);font-style:normal;font-weight:400;line-height:1.2\">La saturaci\u00f3n de la sanidad privada es el principal riesgo para el seguro de salud.<\/li>\n<\/ul>\n\n\n\n<p class=\"has-custom-warm-black-color has-text-color has-link-color has-forever-forma-body-text-font-family wp-elements-86ea3fcfa931fef212e44bb76a7c15b0\" style=\"padding-top:20px;font-size:clamp(14px, 0.875rem + ((1vw - 3.2px) * 0.341), 17px);line-height:1.2\">La contrataci\u00f3n de seguros de salud seguir\u00e1 increment\u00e1ndose durante los pr\u00f3ximos a\u00f1os, seg\u00fan afirman tanto los clientes actuales del sector asegurador como sus profesionales. Esta es una de las principales conclusiones extra\u00eddas del \u201c <em>II Informe de la percepci\u00f3n de la Mediaci\u00f3n en Espa\u00f1a: perspectivas, digitalizaci\u00f3n y retos<\/em>\u201d elaborado por <em>Aegon<\/em>.<\/p>\n\n\n\n<p class=\"has-custom-warm-black-color has-text-color has-link-color has-forever-forma-body-text-font-family wp-elements-33790edd51cb317ac6d5023fe5532e7c\" style=\"font-size:clamp(14px, 0.875rem + ((1vw - 3.2px) * 0.341), 17px);line-height:1.2\">M\u00e1s concretamente, el 82,6% de los consumidores encuestados ha se\u00f1alado que el ramo de salud ir\u00e1 al alza en el medio y largo plazo. As\u00ed, cerca de un 48% de los clientes considera que ser\u00e1 uno de los segmentos de la industria con mayor crecimiento, mientras que el porcentaje de encuestados que considera que crecer\u00e1 a niveles similares a los actuales roza el 35%.<\/p>\n\n\n\n<figure class=\"wp-block-image aligncenter size-full\"><img loading=\"lazy\" decoding=\"async\" width=\"691\" height=\"416\" src=\"https:\/\/www.segurosaegon.com\/canalmediadores\/wp-content\/uploads\/sites\/40\/2025\/06\/grafico1_noticia2.avif\" alt=\"\" class=\"wp-image-5894\" srcset=\"https:\/\/www.segurosaegon.com\/canalmediadores\/wp-content\/uploads\/sites\/40\/2025\/06\/grafico1_noticia2.avif 691w, https:\/\/www.segurosaegon.com\/canalmediadores\/wp-content\/uploads\/sites\/40\/2025\/06\/grafico1_noticia2-300x181.avif 300w\" sizes=\"auto, (max-width: 691px) 100vw, 691px\" \/><\/figure>\n\n\n\n<p class=\"has-custom-warm-black-color has-text-color has-link-color has-forever-forma-body-text-font-family wp-elements-6de94c71fb8a9bdcfc19b7cc1114551f\" style=\"font-size:clamp(14px, 0.875rem + ((1vw - 3.2px) * 0.341), 17px);line-height:1.2\">Por otro lado, analizando la perspectiva de la red mediada, los agentes y corredores que comercializan este tipo de p\u00f3lizas se muestran a\u00fan m\u00e1s confiados con sus perspectivas. En esta l\u00ednea, m\u00e1s del 90% de ellos creen que su negocio crecer\u00e1 en los pr\u00f3ximos a\u00f1os. Profundizando a\u00fan m\u00e1s en esta cuesti\u00f3n, el informe expone como un 45,8% de los mediadores encuestados estiman que crecer\u00e1 notablemente y un 44,8% consideran que lo har\u00e1 de forma moderada.<\/p>\n\n\n\n<h2 class=\"wp-block-heading has-custom-warm-black-color has-text-color has-link-color has-forever-forma-heading-font-family wp-elements-60c46380c2a608eaf816f029eac3851b\" style=\"padding-top:20px;font-size:clamp(16.293px, 1.018rem + ((1vw - 3.2px) * 0.989), 25px);font-style:normal;font-weight:700\">Agilidad en las citas, la principal raz\u00f3n para tener seguro de salud<\/h2>\n\n\n\n<p class=\"has-custom-warm-black-color has-text-color has-link-color has-forever-forma-body-text-font-family wp-elements-d77ce1c6328468321b823ed3dfc2416a\" style=\"margin-top:0px;padding-top:10px;font-size:clamp(14px, 0.875rem + ((1vw - 3.2px) * 0.341), 17px);line-height:1.2\">Entre las razones que m\u00e1s impulsan la contrataci\u00f3n de seguros de salud se encuentra, en primer lugar, la posibilidad de ganar agilidad en las citas y reducir los tiempos de espera. Esta opci\u00f3n la se\u00f1alaron el 44,5% de los encuestados, por encima del 21% que se\u00f1alaron el ganar tranquilidad al tener cubiertas las cuestiones de salud en la familia o el 20,5% de los que indicaron el tener acceso directo a especialistas.<\/p>\n\n\n\n<figure class=\"wp-block-image aligncenter size-full\"><img loading=\"lazy\" decoding=\"async\" width=\"886\" height=\"403\" src=\"https:\/\/www.segurosaegon.com\/canalmediadores\/wp-content\/uploads\/sites\/40\/2025\/06\/grafico2_noticia2.avif\" alt=\"\" class=\"wp-image-5895\" srcset=\"https:\/\/www.segurosaegon.com\/canalmediadores\/wp-content\/uploads\/sites\/40\/2025\/06\/grafico2_noticia2.avif 886w, https:\/\/www.segurosaegon.com\/canalmediadores\/wp-content\/uploads\/sites\/40\/2025\/06\/grafico2_noticia2-300x136.avif 300w, https:\/\/www.segurosaegon.com\/canalmediadores\/wp-content\/uploads\/sites\/40\/2025\/06\/grafico2_noticia2-768x349.avif 768w\" sizes=\"auto, (max-width: 886px) 100vw, 886px\" \/><\/figure>\n\n\n\n<p class=\"has-custom-warm-black-color has-text-color has-link-color has-forever-forma-body-text-font-family wp-elements-24b651baca0290ed0dc46ed94fe861fb\" style=\"margin-top:0px;padding-top:10px;font-size:clamp(14px, 0.875rem + ((1vw - 3.2px) * 0.341), 17px);line-height:1.2\">El estudio tambi\u00e9n pregunta por los principales retos a los que se enfrentar\u00e1 el ramo de salud. Tanto los clientes como los profesionales coinciden en se\u00f1alar la saturaci\u00f3n de la sanidad privada como el mayor de todos. En concreto, esta ha sido la respuesta del 29% de los consumidores y del 57% de los mediadores. Por detr\u00e1s, se encuentra la situaci\u00f3n econ\u00f3mica y la p\u00e9rdida de poder adquisitivo de la ciudadan\u00eda, la segunda opci\u00f3n para ambos grupos de encuestados (28,8% de los clientes y 44,4% de los profesionales).<\/p>\n\n\n\n<h2 class=\"wp-block-heading has-custom-warm-black-color has-text-color has-link-color has-forever-forma-heading-font-family wp-elements-0ea31ea6503295721ff647046b788e9d\" style=\"padding-top:20px;font-size:clamp(16.293px, 1.018rem + ((1vw - 3.2px) * 0.989), 25px);font-style:normal;font-weight:700\">Aegon, foco en el ramo de salud<\/h2>\n\n\n\n<p class=\"has-custom-warm-black-color has-text-color has-link-color has-forever-forma-body-text-font-family wp-elements-51a50177df94aa18c76bc454d4497d96\" style=\"margin-top:0px;padding-top:10px;font-size:clamp(14px, 0.875rem + ((1vw - 3.2px) * 0.341), 17px);line-height:1.2\">La aseguradora cuenta con una amplia oferta de productos, as\u00ed como de las coberturas m\u00e1s innovadoras del mercado para el ramo de salud, prioridad estrat\u00e9gica desde hace m\u00e1s de una d\u00e9cada.<\/p>\n\n\n\n<p class=\"has-custom-warm-black-color has-text-color has-link-color has-forever-forma-body-text-font-family wp-elements-854907f99797f3ac6fc3406747df79de\" style=\"font-size:clamp(14px, 0.875rem + ((1vw - 3.2px) * 0.341), 17px);line-height:1.2\">En esta l\u00ednea, para reforzar su porfolio de productos, <em>Aegon <\/em>dispone de la <em>app Aegon<\/em> Telemedicina, un servicio que permite a sus usuarios acceder de manera inmediata y gratuita a una consulta m\u00e9dica 24 horas a trav\u00e9s de chat o videollamada. A esto se suma la app de gesti\u00f3n, <em>Mi Aegon<\/em>, y su \u00e1rea cliente, que tienen el objetivo de ofrecer un espacio virtual que permita realizar las operaciones m\u00e1s frecuentes de forma digital, as\u00ed como consultar toda la informaci\u00f3n de manera aut\u00f3noma o solicitar citas m\u00e9dicas.<\/p>\n\n\n\n<p class=\"has-custom-warm-black-color has-text-color has-link-color has-forever-forma-body-text-font-family wp-elements-843b565f0329a6bbf54b5ecee104a75f\" style=\"font-size:clamp(14px, 0.875rem + ((1vw - 3.2px) * 0.341), 17px);line-height:1.2\">En consecuencia, alineado con su compromiso y ambici\u00f3n, <em>Aegon <\/em>ha obtenido el reconocimiento al <em>Servicio de Atenci\u00f3n al Cliente del A\u00f1o<\/em> en la categor\u00eda de seguro de salud y vida hasta en ocho ocasiones.<\/p>\n\n\n\n<h2 class=\"wp-block-heading has-custom-warm-black-color has-text-color has-link-color has-forever-forma-heading-font-family wp-elements-21fd06e257eb7a12d07ef3ec18432e32\" style=\"padding-top:20px;font-size:clamp(16.293px, 1.018rem + ((1vw - 3.2px) * 0.989), 25px);font-style:normal;font-weight:700\">Metodolog\u00eda del estudio<\/h2>\n\n\n\n<p class=\"has-custom-warm-black-color has-text-color has-link-color has-forever-forma-body-text-font-family wp-elements-50561e274118e861d51106d88fecea3f\" style=\"margin-top:0px;padding-top:10px;font-size:clamp(14px, 0.875rem + ((1vw - 3.2px) * 0.341), 17px);line-height:1.2\">El estudio se ha realizado sobre una muestra de 350 corredores y corredur\u00edas registrados en la Direcci\u00f3n General de Seguros y Fondos de Pensiones. Los datos se han obtenido con un panel online y entrevistas telef\u00f3nicas asistidas por ordenador, elaboradas entre abril y mayo de 2024. La muestra es representativa de las corredur\u00edas espa\u00f1olas respecto a criterios de edad, tama\u00f1o de la corredur\u00eda, tama\u00f1o de poblaci\u00f3n y zona geogr\u00e1fica.<\/p>\n\n\n\n<p class=\"has-custom-warm-black-color has-text-color has-link-color has-forever-forma-body-text-font-family wp-elements-1186375592d084b55048829171f54cf8\" style=\"font-size:clamp(14px, 0.875rem + ((1vw - 3.2px) * 0.341), 17px);line-height:1.2\">Asimismo, respecto al an\u00e1lisis enfocado desde la perspectiva de la sociedad, se ha realizado sobre una muestra de 400 personas, estad\u00edsticamente representativa de la sociedad espa\u00f1ola, con un nivel de confianza superior al 95%, respecto a criterios de edad, g\u00e9nero y zona geogr\u00e1fica.<\/p>\n\n\n\n<p class=\"has-custom-warm-black-color has-text-color has-link-color has-forever-forma-body-text-font-family wp-elements-d77c6e2542ada17a46303f0d5f3e22f4\" style=\"font-size:clamp(14px, 0.875rem + ((1vw - 3.2px) * 0.341), 17px);line-height:1.2\">Adem\u00e1s, con el objetivo de obtener una respuesta \u00f3ptima sobre el conocimiento de la labor de la mediaci\u00f3n, toda la muestra tiene conocimiento exacto de qu\u00e9 es un corredor y la mitad cuenta con un seguro privado contratado a trav\u00e9s de una corredur\u00eda.<\/p>\n","protected":false},"excerpt":{"rendered":"<p>El ramo de salud ser\u00e1 el producto con mayor crecimiento tambi\u00e9n para m\u00e1s del 90% de los mediadores de seguros, seg\u00fan el II Informe de la percepci\u00f3n de la Mediaci\u00f3n en Espa\u00f1a elaborado por Aegon.<\/p>\n","protected":false},"author":0,"featured_media":5888,"comment_status":"open","ping_status":"open","sticky":false,"template":"","format":"standard","meta":{"footnotes":""},"categories":[1],"tags":[],"class_list":["post-5902","post","type-post","status-publish","format-standard","has-post-thumbnail","hentry","category-sin-categoria"],"yoast_head":"<!-- This site is optimized with the Yoast SEO plugin v27.4 - https:\/\/yoast.com\/product\/yoast-seo-wordpress\/ -->\n<title>Ocho de cada diez consumidores cree que el ramo de salud crecer\u00e1 durante los pr\u00f3ximos a\u00f1os - Canal Mediadores - Aegon Seguros de Vida y Salud<\/title>\n<meta name=\"robots\" content=\"index, follow, max-snippet:-1, max-image-preview:large, max-video-preview:-1\" \/>\n<link rel=\"canonical\" href=\"https:\/\/www.segurosaegon.com\/canalmediadores\/2025\/06\/20\/ocho-de-cada-diez-consumidores-cree-que-el-ramo-de-salud-crecera-durante-los-proximos-anos\/\" \/>\n<meta property=\"og:locale\" content=\"es_ES\" \/>\n<meta property=\"og:type\" content=\"article\" \/>\n<meta property=\"og:title\" content=\"Ocho de cada diez consumidores cree que el ramo de salud crecer\u00e1 durante los pr\u00f3ximos a\u00f1os - Canal Mediadores - Aegon Seguros de Vida y Salud\" \/>\n<meta property=\"og:description\" content=\"El ramo de salud ser\u00e1 el producto con mayor crecimiento tambi\u00e9n para m\u00e1s del 90% de los mediadores de seguros, seg\u00fan el II Informe de la percepci\u00f3n de la Mediaci\u00f3n en Espa\u00f1a elaborado por Aegon.\" \/>\n<meta property=\"og:url\" content=\"https:\/\/www.segurosaegon.com\/canalmediadores\/2025\/06\/20\/ocho-de-cada-diez-consumidores-cree-que-el-ramo-de-salud-crecera-durante-los-proximos-anos\/\" \/>\n<meta property=\"og:site_name\" content=\"Canal Mediadores - Aegon Seguros de Vida y Salud\" \/>\n<meta property=\"article:published_time\" content=\"2025-06-20T11:28:19+00:00\" \/>\n<meta property=\"og:image\" content=\"https:\/\/www.segurosaegon.com\/canalmediadores\/wp-content\/uploads\/sites\/40\/2025\/06\/20240417_Central_enfermerapaciente-scaled-1.avif\" \/>\n\t<meta property=\"og:image:width\" content=\"2048\" \/>\n\t<meta property=\"og:image:height\" content=\"1531\" \/>\n\t<meta property=\"og:image:type\" content=\"image\/jpeg\" \/>\n<meta name=\"twitter:card\" content=\"summary_large_image\" \/>\n<meta name=\"twitter:label1\" content=\"Tiempo de lectura\" \/>\n\t<meta name=\"twitter:data1\" content=\"4 minutos\" \/>\n<script type=\"application\/ld+json\" class=\"yoast-schema-graph\">{\"@context\":\"https:\\\/\\\/schema.org\",\"@graph\":[{\"@type\":\"Article\",\"@id\":\"https:\\\/\\\/www.segurosaegon.com\\\/canalmediadores\\\/2025\\\/06\\\/20\\\/ocho-de-cada-diez-consumidores-cree-que-el-ramo-de-salud-crecera-durante-los-proximos-anos\\\/#article\",\"isPartOf\":{\"@id\":\"https:\\\/\\\/www.segurosaegon.com\\\/canalmediadores\\\/2025\\\/06\\\/20\\\/ocho-de-cada-diez-consumidores-cree-que-el-ramo-de-salud-crecera-durante-los-proximos-anos\\\/\"},\"author\":{\"name\":\"\",\"@id\":\"\"},\"headline\":\"Ocho de cada diez consumidores cree que el ramo de salud crecer\u00e1 durante los pr\u00f3ximos a\u00f1os\",\"datePublished\":\"2025-06-20T11:28:19+00:00\",\"mainEntityOfPage\":{\"@id\":\"https:\\\/\\\/www.segurosaegon.com\\\/canalmediadores\\\/2025\\\/06\\\/20\\\/ocho-de-cada-diez-consumidores-cree-que-el-ramo-de-salud-crecera-durante-los-proximos-anos\\\/\"},\"wordCount\":808,\"commentCount\":0,\"publisher\":{\"@id\":\"https:\\\/\\\/www.segurosaegon.com\\\/canalmediadores\\\/#organization\"},\"image\":{\"@id\":\"https:\\\/\\\/www.segurosaegon.com\\\/canalmediadores\\\/2025\\\/06\\\/20\\\/ocho-de-cada-diez-consumidores-cree-que-el-ramo-de-salud-crecera-durante-los-proximos-anos\\\/#primaryimage\"},\"thumbnailUrl\":\"https:\\\/\\\/www.segurosaegon.com\\\/canalmediadores\\\/wp-content\\\/uploads\\\/sites\\\/40\\\/2025\\\/06\\\/20240417_Central_enfermerapaciente-scaled-1.avif\",\"inLanguage\":\"es\",\"potentialAction\":[{\"@type\":\"CommentAction\",\"name\":\"Comment\",\"target\":[\"https:\\\/\\\/www.segurosaegon.com\\\/canalmediadores\\\/2025\\\/06\\\/20\\\/ocho-de-cada-diez-consumidores-cree-que-el-ramo-de-salud-crecera-durante-los-proximos-anos\\\/#respond\"]}]},{\"@type\":\"WebPage\",\"@id\":\"https:\\\/\\\/www.segurosaegon.com\\\/canalmediadores\\\/2025\\\/06\\\/20\\\/ocho-de-cada-diez-consumidores-cree-que-el-ramo-de-salud-crecera-durante-los-proximos-anos\\\/\",\"url\":\"https:\\\/\\\/www.segurosaegon.com\\\/canalmediadores\\\/2025\\\/06\\\/20\\\/ocho-de-cada-diez-consumidores-cree-que-el-ramo-de-salud-crecera-durante-los-proximos-anos\\\/\",\"name\":\"Ocho de cada diez consumidores cree que el ramo de salud crecer\u00e1 durante los pr\u00f3ximos a\u00f1os - Canal Mediadores - Aegon Seguros de Vida y Salud\",\"isPartOf\":{\"@id\":\"https:\\\/\\\/www.segurosaegon.com\\\/canalmediadores\\\/#website\"},\"primaryImageOfPage\":{\"@id\":\"https:\\\/\\\/www.segurosaegon.com\\\/canalmediadores\\\/2025\\\/06\\\/20\\\/ocho-de-cada-diez-consumidores-cree-que-el-ramo-de-salud-crecera-durante-los-proximos-anos\\\/#primaryimage\"},\"image\":{\"@id\":\"https:\\\/\\\/www.segurosaegon.com\\\/canalmediadores\\\/2025\\\/06\\\/20\\\/ocho-de-cada-diez-consumidores-cree-que-el-ramo-de-salud-crecera-durante-los-proximos-anos\\\/#primaryimage\"},\"thumbnailUrl\":\"https:\\\/\\\/www.segurosaegon.com\\\/canalmediadores\\\/wp-content\\\/uploads\\\/sites\\\/40\\\/2025\\\/06\\\/20240417_Central_enfermerapaciente-scaled-1.avif\",\"datePublished\":\"2025-06-20T11:28:19+00:00\",\"breadcrumb\":{\"@id\":\"https:\\\/\\\/www.segurosaegon.com\\\/canalmediadores\\\/2025\\\/06\\\/20\\\/ocho-de-cada-diez-consumidores-cree-que-el-ramo-de-salud-crecera-durante-los-proximos-anos\\\/#breadcrumb\"},\"inLanguage\":\"es\",\"potentialAction\":[{\"@type\":\"ReadAction\",\"target\":[\"https:\\\/\\\/www.segurosaegon.com\\\/canalmediadores\\\/2025\\\/06\\\/20\\\/ocho-de-cada-diez-consumidores-cree-que-el-ramo-de-salud-crecera-durante-los-proximos-anos\\\/\"]}]},{\"@type\":\"ImageObject\",\"inLanguage\":\"es\",\"@id\":\"https:\\\/\\\/www.segurosaegon.com\\\/canalmediadores\\\/2025\\\/06\\\/20\\\/ocho-de-cada-diez-consumidores-cree-que-el-ramo-de-salud-crecera-durante-los-proximos-anos\\\/#primaryimage\",\"url\":\"https:\\\/\\\/www.segurosaegon.com\\\/canalmediadores\\\/wp-content\\\/uploads\\\/sites\\\/40\\\/2025\\\/06\\\/20240417_Central_enfermerapaciente-scaled-1.avif\",\"contentUrl\":\"https:\\\/\\\/www.segurosaegon.com\\\/canalmediadores\\\/wp-content\\\/uploads\\\/sites\\\/40\\\/2025\\\/06\\\/20240417_Central_enfermerapaciente-scaled-1.avif\",\"width\":2048,\"height\":1531},{\"@type\":\"BreadcrumbList\",\"@id\":\"https:\\\/\\\/www.segurosaegon.com\\\/canalmediadores\\\/2025\\\/06\\\/20\\\/ocho-de-cada-diez-consumidores-cree-que-el-ramo-de-salud-crecera-durante-los-proximos-anos\\\/#breadcrumb\",\"itemListElement\":[{\"@type\":\"ListItem\",\"position\":1,\"name\":\"Portada\",\"item\":\"https:\\\/\\\/www.segurosaegon.com\\\/canalmediadores\\\/\"},{\"@type\":\"ListItem\",\"position\":2,\"name\":\"Ocho de cada diez consumidores cree que el ramo de salud crecer\u00e1 durante los pr\u00f3ximos a\u00f1os\"}]},{\"@type\":\"WebSite\",\"@id\":\"https:\\\/\\\/www.segurosaegon.com\\\/canalmediadores\\\/#website\",\"url\":\"https:\\\/\\\/www.segurosaegon.com\\\/canalmediadores\\\/\",\"name\":\"Canal Mediadores - Aegon Seguros de Vida y Salud\",\"description\":\"\",\"publisher\":{\"@id\":\"https:\\\/\\\/www.segurosaegon.com\\\/canalmediadores\\\/#organization\"},\"potentialAction\":[{\"@type\":\"SearchAction\",\"target\":{\"@type\":\"EntryPoint\",\"urlTemplate\":\"https:\\\/\\\/www.segurosaegon.com\\\/canalmediadores\\\/?s={search_term_string}\"},\"query-input\":{\"@type\":\"PropertyValueSpecification\",\"valueRequired\":true,\"valueName\":\"search_term_string\"}}],\"inLanguage\":\"es\"},{\"@type\":\"Organization\",\"@id\":\"https:\\\/\\\/www.segurosaegon.com\\\/canalmediadores\\\/#organization\",\"name\":\"Canal Mediadores - Aegon Seguros de Vida y Salud\",\"url\":\"https:\\\/\\\/www.segurosaegon.com\\\/canalmediadores\\\/\",\"logo\":{\"@type\":\"ImageObject\",\"inLanguage\":\"es\",\"@id\":\"https:\\\/\\\/www.segurosaegon.com\\\/canalmediadores\\\/#\\\/schema\\\/logo\\\/image\\\/\",\"url\":\"https:\\\/\\\/www.segurosaegon.com\\\/canalmediadores\\\/wp-content\\\/uploads\\\/sites\\\/40\\\/2024\\\/06\\\/Aegon_Logo_2024_PEQv2.png\",\"contentUrl\":\"https:\\\/\\\/www.segurosaegon.com\\\/canalmediadores\\\/wp-content\\\/uploads\\\/sites\\\/40\\\/2024\\\/06\\\/Aegon_Logo_2024_PEQv2.png\",\"width\":147,\"height\":39,\"caption\":\"Canal Mediadores - Aegon Seguros de Vida y Salud\"},\"image\":{\"@id\":\"https:\\\/\\\/www.segurosaegon.com\\\/canalmediadores\\\/#\\\/schema\\\/logo\\\/image\\\/\"}}]}<\/script>\n<!-- \/ Yoast SEO plugin. -->","yoast_head_json":{"title":"Ocho de cada diez consumidores cree que el ramo de salud crecer\u00e1 durante los pr\u00f3ximos a\u00f1os - Canal Mediadores - Aegon Seguros de Vida y Salud","robots":{"index":"index","follow":"follow","max-snippet":"max-snippet:-1","max-image-preview":"max-image-preview:large","max-video-preview":"max-video-preview:-1"},"canonical":"https:\/\/www.segurosaegon.com\/canalmediadores\/2025\/06\/20\/ocho-de-cada-diez-consumidores-cree-que-el-ramo-de-salud-crecera-durante-los-proximos-anos\/","og_locale":"es_ES","og_type":"article","og_title":"Ocho de cada diez consumidores cree que el ramo de salud crecer\u00e1 durante los pr\u00f3ximos a\u00f1os - Canal Mediadores - Aegon Seguros de Vida y Salud","og_description":"El ramo de salud ser\u00e1 el producto con mayor crecimiento tambi\u00e9n para m\u00e1s del 90% de los mediadores de seguros, seg\u00fan el II Informe de la percepci\u00f3n de la Mediaci\u00f3n en Espa\u00f1a elaborado por Aegon.","og_url":"https:\/\/www.segurosaegon.com\/canalmediadores\/2025\/06\/20\/ocho-de-cada-diez-consumidores-cree-que-el-ramo-de-salud-crecera-durante-los-proximos-anos\/","og_site_name":"Canal Mediadores - Aegon Seguros de Vida y Salud","article_published_time":"2025-06-20T11:28:19+00:00","og_image":[{"width":2048,"height":1531,"url":"https:\/\/www.segurosaegon.com\/canalmediadores\/wp-content\/uploads\/sites\/40\/2025\/06\/20240417_Central_enfermerapaciente-scaled-1.avif","type":"image\/jpeg"}],"twitter_card":"summary_large_image","twitter_misc":{"Tiempo de lectura":"4 minutos"},"schema":{"@context":"https:\/\/schema.org","@graph":[{"@type":"Article","@id":"https:\/\/www.segurosaegon.com\/canalmediadores\/2025\/06\/20\/ocho-de-cada-diez-consumidores-cree-que-el-ramo-de-salud-crecera-durante-los-proximos-anos\/#article","isPartOf":{"@id":"https:\/\/www.segurosaegon.com\/canalmediadores\/2025\/06\/20\/ocho-de-cada-diez-consumidores-cree-que-el-ramo-de-salud-crecera-durante-los-proximos-anos\/"},"author":{"name":"","@id":""},"headline":"Ocho de cada diez consumidores cree que el ramo de salud crecer\u00e1 durante los pr\u00f3ximos a\u00f1os","datePublished":"2025-06-20T11:28:19+00:00","mainEntityOfPage":{"@id":"https:\/\/www.segurosaegon.com\/canalmediadores\/2025\/06\/20\/ocho-de-cada-diez-consumidores-cree-que-el-ramo-de-salud-crecera-durante-los-proximos-anos\/"},"wordCount":808,"commentCount":0,"publisher":{"@id":"https:\/\/www.segurosaegon.com\/canalmediadores\/#organization"},"image":{"@id":"https:\/\/www.segurosaegon.com\/canalmediadores\/2025\/06\/20\/ocho-de-cada-diez-consumidores-cree-que-el-ramo-de-salud-crecera-durante-los-proximos-anos\/#primaryimage"},"thumbnailUrl":"https:\/\/www.segurosaegon.com\/canalmediadores\/wp-content\/uploads\/sites\/40\/2025\/06\/20240417_Central_enfermerapaciente-scaled-1.avif","inLanguage":"es","potentialAction":[{"@type":"CommentAction","name":"Comment","target":["https:\/\/www.segurosaegon.com\/canalmediadores\/2025\/06\/20\/ocho-de-cada-diez-consumidores-cree-que-el-ramo-de-salud-crecera-durante-los-proximos-anos\/#respond"]}]},{"@type":"WebPage","@id":"https:\/\/www.segurosaegon.com\/canalmediadores\/2025\/06\/20\/ocho-de-cada-diez-consumidores-cree-que-el-ramo-de-salud-crecera-durante-los-proximos-anos\/","url":"https:\/\/www.segurosaegon.com\/canalmediadores\/2025\/06\/20\/ocho-de-cada-diez-consumidores-cree-que-el-ramo-de-salud-crecera-durante-los-proximos-anos\/","name":"Ocho de cada diez consumidores cree que el ramo de salud crecer\u00e1 durante los pr\u00f3ximos a\u00f1os - Canal Mediadores - Aegon Seguros de Vida y Salud","isPartOf":{"@id":"https:\/\/www.segurosaegon.com\/canalmediadores\/#website"},"primaryImageOfPage":{"@id":"https:\/\/www.segurosaegon.com\/canalmediadores\/2025\/06\/20\/ocho-de-cada-diez-consumidores-cree-que-el-ramo-de-salud-crecera-durante-los-proximos-anos\/#primaryimage"},"image":{"@id":"https:\/\/www.segurosaegon.com\/canalmediadores\/2025\/06\/20\/ocho-de-cada-diez-consumidores-cree-que-el-ramo-de-salud-crecera-durante-los-proximos-anos\/#primaryimage"},"thumbnailUrl":"https:\/\/www.segurosaegon.com\/canalmediadores\/wp-content\/uploads\/sites\/40\/2025\/06\/20240417_Central_enfermerapaciente-scaled-1.avif","datePublished":"2025-06-20T11:28:19+00:00","breadcrumb":{"@id":"https:\/\/www.segurosaegon.com\/canalmediadores\/2025\/06\/20\/ocho-de-cada-diez-consumidores-cree-que-el-ramo-de-salud-crecera-durante-los-proximos-anos\/#breadcrumb"},"inLanguage":"es","potentialAction":[{"@type":"ReadAction","target":["https:\/\/www.segurosaegon.com\/canalmediadores\/2025\/06\/20\/ocho-de-cada-diez-consumidores-cree-que-el-ramo-de-salud-crecera-durante-los-proximos-anos\/"]}]},{"@type":"ImageObject","inLanguage":"es","@id":"https:\/\/www.segurosaegon.com\/canalmediadores\/2025\/06\/20\/ocho-de-cada-diez-consumidores-cree-que-el-ramo-de-salud-crecera-durante-los-proximos-anos\/#primaryimage","url":"https:\/\/www.segurosaegon.com\/canalmediadores\/wp-content\/uploads\/sites\/40\/2025\/06\/20240417_Central_enfermerapaciente-scaled-1.avif","contentUrl":"https:\/\/www.segurosaegon.com\/canalmediadores\/wp-content\/uploads\/sites\/40\/2025\/06\/20240417_Central_enfermerapaciente-scaled-1.avif","width":2048,"height":1531},{"@type":"BreadcrumbList","@id":"https:\/\/www.segurosaegon.com\/canalmediadores\/2025\/06\/20\/ocho-de-cada-diez-consumidores-cree-que-el-ramo-de-salud-crecera-durante-los-proximos-anos\/#breadcrumb","itemListElement":[{"@type":"ListItem","position":1,"name":"Portada","item":"https:\/\/www.segurosaegon.com\/canalmediadores\/"},{"@type":"ListItem","position":2,"name":"Ocho de cada diez consumidores cree que el ramo de salud crecer\u00e1 durante los pr\u00f3ximos a\u00f1os"}]},{"@type":"WebSite","@id":"https:\/\/www.segurosaegon.com\/canalmediadores\/#website","url":"https:\/\/www.segurosaegon.com\/canalmediadores\/","name":"Canal Mediadores - Aegon Seguros de Vida y Salud","description":"","publisher":{"@id":"https:\/\/www.segurosaegon.com\/canalmediadores\/#organization"},"potentialAction":[{"@type":"SearchAction","target":{"@type":"EntryPoint","urlTemplate":"https:\/\/www.segurosaegon.com\/canalmediadores\/?s={search_term_string}"},"query-input":{"@type":"PropertyValueSpecification","valueRequired":true,"valueName":"search_term_string"}}],"inLanguage":"es"},{"@type":"Organization","@id":"https:\/\/www.segurosaegon.com\/canalmediadores\/#organization","name":"Canal Mediadores - Aegon Seguros de Vida y Salud","url":"https:\/\/www.segurosaegon.com\/canalmediadores\/","logo":{"@type":"ImageObject","inLanguage":"es","@id":"https:\/\/www.segurosaegon.com\/canalmediadores\/#\/schema\/logo\/image\/","url":"https:\/\/www.segurosaegon.com\/canalmediadores\/wp-content\/uploads\/sites\/40\/2024\/06\/Aegon_Logo_2024_PEQv2.png","contentUrl":"https:\/\/www.segurosaegon.com\/canalmediadores\/wp-content\/uploads\/sites\/40\/2024\/06\/Aegon_Logo_2024_PEQv2.png","width":147,"height":39,"caption":"Canal Mediadores - Aegon Seguros de Vida y Salud"},"image":{"@id":"https:\/\/www.segurosaegon.com\/canalmediadores\/#\/schema\/logo\/image\/"}}]}},"_links":{"self":[{"href":"https:\/\/www.segurosaegon.com\/canalmediadores\/wp-json\/wp\/v2\/posts\/5902","targetHints":{"allow":["GET"]}}],"collection":[{"href":"https:\/\/www.segurosaegon.com\/canalmediadores\/wp-json\/wp\/v2\/posts"}],"about":[{"href":"https:\/\/www.segurosaegon.com\/canalmediadores\/wp-json\/wp\/v2\/types\/post"}],"replies":[{"embeddable":true,"href":"https:\/\/www.segurosaegon.com\/canalmediadores\/wp-json\/wp\/v2\/comments?post=5902"}],"version-history":[{"count":1,"href":"https:\/\/www.segurosaegon.com\/canalmediadores\/wp-json\/wp\/v2\/posts\/5902\/revisions"}],"predecessor-version":[{"id":5903,"href":"https:\/\/www.segurosaegon.com\/canalmediadores\/wp-json\/wp\/v2\/posts\/5902\/revisions\/5903"}],"wp:featuredmedia":[{"embeddable":true,"href":"https:\/\/www.segurosaegon.com\/canalmediadores\/wp-json\/wp\/v2\/media\/5888"}],"wp:attachment":[{"href":"https:\/\/www.segurosaegon.com\/canalmediadores\/wp-json\/wp\/v2\/media?parent=5902"}],"wp:term":[{"taxonomy":"category","embeddable":true,"href":"https:\/\/www.segurosaegon.com\/canalmediadores\/wp-json\/wp\/v2\/categories?post=5902"},{"taxonomy":"post_tag","embeddable":true,"href":"https:\/\/www.segurosaegon.com\/canalmediadores\/wp-json\/wp\/v2\/tags?post=5902"}],"curies":[{"name":"wp","href":"https:\/\/api.w.org\/{rel}","templated":true}]}}