{"id":5904,"date":"2025-06-20T13:29:26","date_gmt":"2025-06-20T11:29:26","guid":{"rendered":"https:\/\/www.segurosaegon.com\/canalmediadores\/?p=5904"},"modified":"2025-06-20T13:29:26","modified_gmt":"2025-06-20T11:29:26","slug":"entrevista-a-pedro-zabaleta-director-del-canal-mediadores-de-aegon-espana","status":"publish","type":"post","link":"https:\/\/www.segurosaegon.com\/canalmediadores\/2025\/06\/20\/entrevista-a-pedro-zabaleta-director-del-canal-mediadores-de-aegon-espana\/","title":{"rendered":"Entrevista a Pedro Zabaleta, director del Canal Mediadores de Aegon Espa\u00f1a"},"content":{"rendered":"\n<div class=\"wp-block-columns is-layout-flex wp-container-core-columns-is-layout-7fc3d43a wp-block-columns-is-layout-flex\">\n<div class=\"wp-block-column is-layout-flow wp-block-column-is-layout-flow\">\n<h2 class=\"wp-block-heading has-custom-warm-black-color has-text-color has-link-color has-forever-forma-heading-font-family wp-elements-6266f6d8eea7cb136a293dbd755292cc\" style=\"padding-top:20px;font-size:clamp(16.293px, 1.018rem + ((1vw - 3.2px) * 0.989), 25px);font-style:normal;font-weight:700\">\u00bfEn qu\u00e9 consiste el Plan Estrat\u00e9gico de Mediaci\u00f3n de Aegon y qu\u00e9 resultados ha proporcionado hasta ahora?<\/h2>\n\n\n\n<p class=\"has-custom-warm-black-color has-text-color has-link-color has-forever-forma-body-text-font-family wp-elements-a5434f0904821259bb3661c9b595c4b7\" style=\"font-size:clamp(14px, 0.875rem + ((1vw - 3.2px) * 0.341), 17px);line-height:1.2\">Es un plan exclusivo para el canal mediador que nos permite mejorar la calidad del servicio, impulsar la digitalizaci\u00f3n y fortalecer la formaci\u00f3n. Gracias a esta iniciativa hemos aumentado significativamente el n\u00famero de mediadores que desean colaborar con nosotros, optimizado procesos internos y reducido tiempos de respuesta. Adem\u00e1s, hemos reforzado la relaci\u00f3n con la red mediante programas de acompa\u00f1amiento comercial, asesoramiento y formaci\u00f3n continua.<\/p>\n<\/div>\n\n\n\n<div class=\"wp-block-column is-layout-flow wp-block-column-is-layout-flow\">\n<h2 class=\"wp-block-heading has-custom-warm-black-color has-text-color has-link-color has-forever-forma-heading-font-family wp-elements-05f7ab221ef600950853a21a4adb3564\" style=\"padding-top:20px;font-size:clamp(16.293px, 1.018rem + ((1vw - 3.2px) * 0.989), 25px);font-style:normal;font-weight:700\">\u00bfCu\u00e1l es la propuesta de valor de Aegon para la mediaci\u00f3n?<\/h2>\n\n\n\n<p class=\"has-custom-warm-black-color has-text-color has-link-color has-forever-forma-body-text-font-family wp-elements-78a800b30b26810ce84ce59f55fa5363\" style=\"font-size:clamp(14px, 0.875rem + ((1vw - 3.2px) * 0.341), 17px);line-height:1.2\">Nuestra propuesta se basa en una experiencia personalizada, tanto para clientes como para mediadores. Ofrecemos una amplia gama de productos flexibles, apoyo comercial, campa\u00f1as personalizadas y acceso a formaci\u00f3n continua. En definitiva, buscamos que cada cliente y cada corredor cuente con soluciones adaptadas a sus necesidades espec\u00edficas.<\/p>\n<\/div>\n<\/div>\n\n\n\n<div class=\"wp-block-columns is-layout-flex wp-container-core-columns-is-layout-7fc3d43a wp-block-columns-is-layout-flex\">\n<div class=\"wp-block-column is-layout-flow wp-block-column-is-layout-flow\">\n<h2 class=\"wp-block-heading has-custom-warm-black-color has-text-color has-link-color has-forever-forma-heading-font-family wp-elements-67f0c2e8dbdc89a1e6423a170c5d2560\" style=\"padding-top:20px;font-size:clamp(16.293px, 1.018rem + ((1vw - 3.2px) * 0.989), 25px);font-style:normal;font-weight:700\">\u00bfQu\u00e9 papel tiene la digitalizaci\u00f3n en la estrategia de Aegon y c\u00f3mo se est\u00e1 implementando?<\/h2>\n\n\n\n<p class=\"has-custom-warm-black-color has-text-color has-link-color has-forever-forma-body-text-font-family wp-elements-9c13e12d5a41c40d8f2b6dd44d3dd15e\" style=\"font-size:clamp(14px, 0.875rem + ((1vw - 3.2px) * 0.341), 17px);line-height:1.2\">La digitalizaci\u00f3n es uno de los ejes fundamentales de nuestra estrategia. Hemos digitalizado completamente procesos como la contrataci\u00f3n y la selecci\u00f3n de riesgos, adem\u00e1s de integrarnos en plataformas como CIMA. Tambi\u00e9n hemos lanzado \u201cCampus Aegon\u201d, un recurso clave de formaci\u00f3n para corredores. En el lado del cliente, destacamos la atenci\u00f3n directa a trav\u00e9s de WhatsApp y redes sociales, lo que permite una resoluci\u00f3n m\u00e1s \u00e1gil y eficaz.<\/p>\n<\/div>\n\n\n\n<div class=\"wp-block-column is-layout-flow wp-block-column-is-layout-flow\">\n<h2 class=\"wp-block-heading has-custom-warm-black-color has-text-color has-link-color has-forever-forma-heading-font-family wp-elements-1d39b343df254f683c36581802ac8334\" style=\"padding-top:20px;font-size:clamp(16.293px, 1.018rem + ((1vw - 3.2px) * 0.989), 25px);font-style:normal;font-weight:700\">Sois una de las aseguradoras que m\u00e1s crece en Salud. \u00bfQu\u00e9 elementos explican este crecimiento?<\/h2>\n\n\n\n<p class=\"has-custom-warm-black-color has-text-color has-link-color has-forever-forma-body-text-font-family wp-elements-3b3a88be01e8f5cc41dc97f369013936\" style=\"font-size:clamp(14px, 0.875rem + ((1vw - 3.2px) * 0.341), 17px);line-height:1.2\">Nuestra apuesta por el servicio al cliente es clara. Llevamos cinco a\u00f1os consecutivos siendo reconocidos con el premio al mejor servicio en el ramo de Salud. Ofrecemos productos innovadores, atenci\u00f3n de calidad y precios competitivos. Adem\u00e1s, disponemos de una red extensa de especialistas, coberturas hospitalarias y los tratamientos m\u00e1s avanzados.<\/p>\n<\/div>\n<\/div>\n\n\n\n<div class=\"wp-block-columns is-layout-flex wp-container-core-columns-is-layout-7fc3d43a wp-block-columns-is-layout-flex\">\n<div class=\"wp-block-column is-layout-flow wp-block-column-is-layout-flow\">\n<h2 class=\"wp-block-heading has-custom-warm-black-color has-text-color has-link-color has-forever-forma-heading-font-family wp-elements-eed76e90384221ec47246fe7146c294b\" style=\"padding-top:20px;font-size:clamp(16.293px, 1.018rem + ((1vw - 3.2px) * 0.989), 25px);font-style:normal;font-weight:700\">\u00bfC\u00f3mo consegu\u00eds fidelizar a los clientes en un entorno tan competitivo como el de Salud?<\/h2>\n\n\n\n<p class=\"has-custom-warm-black-color has-text-color has-link-color has-forever-forma-body-text-font-family wp-elements-635e01d4b6c3f8ee15c3d389cda0d667\" style=\"font-size:clamp(14px, 0.875rem + ((1vw - 3.2px) * 0.341), 17px);line-height:1.2\">Ponemos al cliente en el centro. Para ello, hemos creado un departamento espec\u00edfico de experiencia de cliente, con herramientas de escucha activa como encuestas, an\u00e1lisis de datos y contacto directo. Adem\u00e1s, nuestras coberturas se adaptan a distintos perfiles, como <em>Aegon Salud B\u00e1sico<\/em> o <em>Aegon Completo<\/em>, cubriendo desde necesidades b\u00e1sicas hasta las m\u00e1s completas.<\/p>\n<\/div>\n\n\n\n<div class=\"wp-block-column is-layout-flow wp-block-column-is-layout-flow\">\n<h2 class=\"wp-block-heading has-custom-warm-black-color has-text-color has-link-color has-forever-forma-heading-font-family wp-elements-fd575fdc9eb0cdca2c4c3efd086bf997\" style=\"padding-top:20px;font-size:clamp(16.293px, 1.018rem + ((1vw - 3.2px) * 0.989), 25px);font-style:normal;font-weight:700\">\u00bfVeis riesgo de \u2018comoditizaci\u00f3n\u2019 del seguro de Salud, como ocurri\u00f3 con el de Autos?<\/h2>\n\n\n\n<p class=\"has-custom-warm-black-color has-text-color has-link-color has-forever-forma-body-text-font-family wp-elements-48af9cbcbc0dc48e3c1c42e340e53f48\" style=\"font-size:clamp(14px, 0.875rem + ((1vw - 3.2px) * 0.341), 17px);line-height:1.2\">Existe ese riesgo, pero tambi\u00e9n representa una oportunidad. <em>Aegon <\/em>apuesta por la diferenciaci\u00f3n a trav\u00e9s del servicio, la personalizaci\u00f3n de productos y el uso de tecnolog\u00eda para enriquecer la oferta. Esto nos permite seguir ofreciendo valor incluso en un mercado altamente competitivo.<\/p>\n<\/div>\n<\/div>\n\n\n\n<div class=\"wp-block-columns is-layout-flex wp-container-core-columns-is-layout-7fc3d43a wp-block-columns-is-layout-flex\">\n<div class=\"wp-block-column is-layout-flow wp-block-column-is-layout-flow\">\n<h2 class=\"wp-block-heading has-custom-warm-black-color has-text-color has-link-color has-forever-forma-heading-font-family wp-elements-6e25a8496f89c32f274d2d3780d03f20\" style=\"padding-top:20px;font-size:clamp(16.293px, 1.018rem + ((1vw - 3.2px) * 0.989), 25px);font-style:normal;font-weight:700\">Respecto al ramo de Vida Riesgo, \u00bfcu\u00e1l es su evoluci\u00f3n y c\u00f3mo busc\u00e1is impulsarlo?<\/h2>\n\n\n\n<p class=\"has-custom-warm-black-color has-text-color has-link-color has-forever-forma-body-text-font-family wp-elements-345dbc6ebcdbae97c5e83520d2d50316\" style=\"font-size:clamp(14px, 0.875rem + ((1vw - 3.2px) * 0.341), 17px);line-height:1.2\">Es una l\u00ednea clave para nosotros. Contamos con m\u00e1s de 1,5 millones de p\u00f3lizas en Vida en Espa\u00f1a y Portugal. Disponemos de productos como <em>Aegon Vida D\u00fao<\/em>, pensado para parejas, y <em>Aegon Vida Flexible<\/em>, que ofrece cobertura total por fallecimiento. Estamos trabajando en una mayor personalizaci\u00f3n, procesos de contrataci\u00f3n m\u00e1s \u00e1giles y campa\u00f1as de educaci\u00f3n financiera para reforzar la conciencia social sobre su importancia.<\/p>\n<\/div>\n\n\n\n<div class=\"wp-block-column is-layout-flow wp-block-column-is-layout-flow\">\n<h2 class=\"wp-block-heading has-custom-warm-black-color has-text-color has-link-color has-forever-forma-heading-font-family wp-elements-020f8c6ba1dddb5d7a169196b769af7e\" style=\"padding-top:20px;font-size:clamp(16.293px, 1.018rem + ((1vw - 3.2px) * 0.989), 25px);font-style:normal;font-weight:700\">\u00bfQu\u00e9 valor tiene el canal mediador para vosotros y para el mercado en general?<\/h2>\n\n\n\n<p class=\"has-custom-warm-black-color has-text-color has-link-color has-forever-forma-body-text-font-family wp-elements-1f6a9240520ef02b9805445175a2c74f\" style=\"font-size:clamp(14px, 0.875rem + ((1vw - 3.2px) * 0.341), 17px);line-height:1.2\">El mediador es esencial: es el nexo entre la aseguradora y el cliente. Aporta asesoramiento personalizado, explica las coberturas y genera confianza. Por eso hemos desarrollado un plan estrat\u00e9gico espec\u00edfico con cinco ejes centrados en formaci\u00f3n, procesos, herramientas digitales y soporte operativo. Nuestra misi\u00f3n es acompa\u00f1ar al mediador para que pueda centrarse en su labor de asesoramiento con los mejores recursos.<\/p>\n<\/div>\n<\/div>\n\n\n\n<div class=\"wp-block-columns is-layout-flex wp-container-core-columns-is-layout-7fc3d43a wp-block-columns-is-layout-flex\">\n<div class=\"wp-block-column is-layout-flow wp-block-column-is-layout-flow\">\n<h2 class=\"wp-block-heading has-custom-warm-black-color has-text-color has-link-color has-forever-forma-heading-font-family wp-elements-cef85b62241dda7b58dc9104b75659a5\" style=\"padding-top:20px;font-size:clamp(16.293px, 1.018rem + ((1vw - 3.2px) * 0.989), 25px);font-style:normal;font-weight:700\">\u00bfQu\u00e9 retos enfrentan los mediadores actualmente?<\/h2>\n\n\n\n<p class=\"has-custom-warm-black-color has-text-color has-link-color has-forever-forma-body-text-font-family wp-elements-e11f9da97742ed188a33db076e9d1bad\" style=\"font-size:clamp(14px, 0.875rem + ((1vw - 3.2px) * 0.341), 17px);line-height:1.2\">Deben adaptarse a la transformaci\u00f3n digital y mantenerse actualizados ante los cambios regulatorios y de producto. Aqu\u00ed es donde nuestra responsabilidad como aseguradora cobra m\u00e1s importancia: proporcionarles formaci\u00f3n, herramientas y soporte continuo para facilitar su labor en un entorno cambiante.<\/p>\n<\/div>\n\n\n\n<div class=\"wp-block-column is-layout-flow wp-block-column-is-layout-flow\">\n<h2 class=\"wp-block-heading has-custom-warm-black-color has-text-color has-link-color has-forever-forma-heading-font-family wp-elements-e60f113b8bd22b2905af1b3b497cf23d\" style=\"padding-top:20px;font-size:clamp(16.293px, 1.018rem + ((1vw - 3.2px) * 0.989), 25px);font-style:normal;font-weight:700\">\u00bfQu\u00e9 tendencias marcar\u00e1n el futuro del sector asegurador en Espa\u00f1a?<\/h2>\n\n\n\n<p class=\"has-custom-warm-black-color has-text-color has-link-color has-forever-forma-body-text-font-family wp-elements-59f9f7f7ee6bfd66bbe4b7457cd1f3ca\" style=\"font-size:clamp(14px, 0.875rem + ((1vw - 3.2px) * 0.341), 17px);line-height:1.2\">La transformaci\u00f3n digital seguir\u00e1 siendo clave, junto con la demanda creciente de productos personalizados, el envejecimiento de la poblaci\u00f3n, y la preocupaci\u00f3n por la sostenibilidad. Tambi\u00e9n veremos una mayor competencia por la entrada de nuevos actores y posibles procesos de consolidaci\u00f3n en el sector.<\/p>\n<\/div>\n<\/div>\n\n\n\n<h2 class=\"wp-block-heading has-custom-warm-black-color has-text-color has-link-color has-forever-forma-heading-font-family wp-elements-c77ae71f863206c3549e508b00b61f95\" style=\"padding-top:20px;font-size:clamp(16.293px, 1.018rem + ((1vw - 3.2px) * 0.989), 25px);font-style:normal;font-weight:700\">\u00bfEst\u00e1 el sector preparado para estos retos?<\/h2>\n\n\n\n<p class=\"has-custom-warm-black-color has-text-color has-link-color has-forever-forma-body-text-font-family wp-elements-6571748b3ae2382a621696d233f9a2de\" style=\"font-size:clamp(14px, 0.875rem + ((1vw - 3.2px) * 0.341), 17px);line-height:1.2\">Sin duda. La industria aseguradora ha demostrado una enorme capacidad de adaptaci\u00f3n en los \u00faltimos a\u00f1os. En <em>Aegon <\/em>seguiremos apostando por la innovaci\u00f3n, la cercan\u00eda con nuestros mediadores y la mejora continua de nuestros servicios para afrontar los cambios con garant\u00edas.<\/p>\n","protected":false},"excerpt":{"rendered":"<p>\u00bfEn qu\u00e9 consiste el Plan Estrat\u00e9gico de Mediaci\u00f3n de Aegon y qu\u00e9 resultados ha proporcionado hasta ahora? Es un plan exclusivo para el canal mediador que nos permite mejorar la calidad del servicio, impulsar la digitalizaci\u00f3n y fortalecer la formaci\u00f3n. Gracias a esta iniciativa hemos aumentado significativamente el n\u00famero de mediadores que desean colaborar con [&hellip;]<\/p>\n","protected":false},"author":0,"featured_media":5893,"comment_status":"open","ping_status":"open","sticky":false,"template":"","format":"standard","meta":{"footnotes":""},"categories":[1],"tags":[],"class_list":["post-5904","post","type-post","status-publish","format-standard","has-post-thumbnail","hentry","category-sin-categoria"],"yoast_head":"<!-- This site is optimized with the Yoast SEO plugin v27.4 - https:\/\/yoast.com\/product\/yoast-seo-wordpress\/ -->\n<title>Entrevista a Pedro Zabaleta, director del Canal Mediadores de Aegon Espa\u00f1a - Canal Mediadores - Aegon Seguros de Vida y Salud<\/title>\n<meta name=\"robots\" content=\"index, follow, max-snippet:-1, max-image-preview:large, max-video-preview:-1\" \/>\n<link rel=\"canonical\" href=\"https:\/\/www.segurosaegon.com\/canalmediadores\/2025\/06\/20\/entrevista-a-pedro-zabaleta-director-del-canal-mediadores-de-aegon-espana\/\" \/>\n<meta property=\"og:locale\" content=\"es_ES\" \/>\n<meta property=\"og:type\" content=\"article\" \/>\n<meta property=\"og:title\" content=\"Entrevista a Pedro Zabaleta, director del Canal Mediadores de Aegon Espa\u00f1a - Canal Mediadores - Aegon Seguros de Vida y Salud\" \/>\n<meta property=\"og:description\" content=\"\u00bfEn qu\u00e9 consiste el Plan Estrat\u00e9gico de Mediaci\u00f3n de Aegon y qu\u00e9 resultados ha proporcionado hasta ahora? Es un plan exclusivo para el canal mediador que nos permite mejorar la calidad del servicio, impulsar la digitalizaci\u00f3n y fortalecer la formaci\u00f3n. Gracias a esta iniciativa hemos aumentado significativamente el n\u00famero de mediadores que desean colaborar con [&hellip;]\" \/>\n<meta property=\"og:url\" content=\"https:\/\/www.segurosaegon.com\/canalmediadores\/2025\/06\/20\/entrevista-a-pedro-zabaleta-director-del-canal-mediadores-de-aegon-espana\/\" \/>\n<meta property=\"og:site_name\" content=\"Canal Mediadores - Aegon Seguros de Vida y Salud\" \/>\n<meta property=\"article:published_time\" content=\"2025-06-20T11:29:26+00:00\" \/>\n<meta property=\"og:image\" content=\"https:\/\/www.segurosaegon.com\/canalmediadores\/wp-content\/uploads\/sites\/40\/2025\/06\/Noticia-4_Foto-Pedro.avif\" \/>\n\t<meta property=\"og:image:width\" content=\"2048\" \/>\n\t<meta property=\"og:image:height\" content=\"1531\" \/>\n\t<meta property=\"og:image:type\" content=\"image\/png\" \/>\n<meta name=\"twitter:card\" content=\"summary_large_image\" \/>\n<meta name=\"twitter:label1\" content=\"Tiempo de lectura\" \/>\n\t<meta name=\"twitter:data1\" content=\"4 minutos\" \/>\n<script type=\"application\/ld+json\" class=\"yoast-schema-graph\">{\"@context\":\"https:\\\/\\\/schema.org\",\"@graph\":[{\"@type\":\"Article\",\"@id\":\"https:\\\/\\\/www.segurosaegon.com\\\/canalmediadores\\\/2025\\\/06\\\/20\\\/entrevista-a-pedro-zabaleta-director-del-canal-mediadores-de-aegon-espana\\\/#article\",\"isPartOf\":{\"@id\":\"https:\\\/\\\/www.segurosaegon.com\\\/canalmediadores\\\/2025\\\/06\\\/20\\\/entrevista-a-pedro-zabaleta-director-del-canal-mediadores-de-aegon-espana\\\/\"},\"author\":{\"name\":\"\",\"@id\":\"\"},\"headline\":\"Entrevista a Pedro Zabaleta, director del Canal Mediadores de Aegon Espa\u00f1a\",\"datePublished\":\"2025-06-20T11:29:26+00:00\",\"mainEntityOfPage\":{\"@id\":\"https:\\\/\\\/www.segurosaegon.com\\\/canalmediadores\\\/2025\\\/06\\\/20\\\/entrevista-a-pedro-zabaleta-director-del-canal-mediadores-de-aegon-espana\\\/\"},\"wordCount\":801,\"commentCount\":0,\"publisher\":{\"@id\":\"https:\\\/\\\/www.segurosaegon.com\\\/canalmediadores\\\/#organization\"},\"image\":{\"@id\":\"https:\\\/\\\/www.segurosaegon.com\\\/canalmediadores\\\/2025\\\/06\\\/20\\\/entrevista-a-pedro-zabaleta-director-del-canal-mediadores-de-aegon-espana\\\/#primaryimage\"},\"thumbnailUrl\":\"https:\\\/\\\/www.segurosaegon.com\\\/canalmediadores\\\/wp-content\\\/uploads\\\/sites\\\/40\\\/2025\\\/06\\\/Noticia-4_Foto-Pedro.avif\",\"inLanguage\":\"es\",\"potentialAction\":[{\"@type\":\"CommentAction\",\"name\":\"Comment\",\"target\":[\"https:\\\/\\\/www.segurosaegon.com\\\/canalmediadores\\\/2025\\\/06\\\/20\\\/entrevista-a-pedro-zabaleta-director-del-canal-mediadores-de-aegon-espana\\\/#respond\"]}]},{\"@type\":\"WebPage\",\"@id\":\"https:\\\/\\\/www.segurosaegon.com\\\/canalmediadores\\\/2025\\\/06\\\/20\\\/entrevista-a-pedro-zabaleta-director-del-canal-mediadores-de-aegon-espana\\\/\",\"url\":\"https:\\\/\\\/www.segurosaegon.com\\\/canalmediadores\\\/2025\\\/06\\\/20\\\/entrevista-a-pedro-zabaleta-director-del-canal-mediadores-de-aegon-espana\\\/\",\"name\":\"Entrevista a Pedro Zabaleta, director del Canal Mediadores de Aegon Espa\u00f1a - Canal Mediadores - Aegon Seguros de Vida y Salud\",\"isPartOf\":{\"@id\":\"https:\\\/\\\/www.segurosaegon.com\\\/canalmediadores\\\/#website\"},\"primaryImageOfPage\":{\"@id\":\"https:\\\/\\\/www.segurosaegon.com\\\/canalmediadores\\\/2025\\\/06\\\/20\\\/entrevista-a-pedro-zabaleta-director-del-canal-mediadores-de-aegon-espana\\\/#primaryimage\"},\"image\":{\"@id\":\"https:\\\/\\\/www.segurosaegon.com\\\/canalmediadores\\\/2025\\\/06\\\/20\\\/entrevista-a-pedro-zabaleta-director-del-canal-mediadores-de-aegon-espana\\\/#primaryimage\"},\"thumbnailUrl\":\"https:\\\/\\\/www.segurosaegon.com\\\/canalmediadores\\\/wp-content\\\/uploads\\\/sites\\\/40\\\/2025\\\/06\\\/Noticia-4_Foto-Pedro.avif\",\"datePublished\":\"2025-06-20T11:29:26+00:00\",\"breadcrumb\":{\"@id\":\"https:\\\/\\\/www.segurosaegon.com\\\/canalmediadores\\\/2025\\\/06\\\/20\\\/entrevista-a-pedro-zabaleta-director-del-canal-mediadores-de-aegon-espana\\\/#breadcrumb\"},\"inLanguage\":\"es\",\"potentialAction\":[{\"@type\":\"ReadAction\",\"target\":[\"https:\\\/\\\/www.segurosaegon.com\\\/canalmediadores\\\/2025\\\/06\\\/20\\\/entrevista-a-pedro-zabaleta-director-del-canal-mediadores-de-aegon-espana\\\/\"]}]},{\"@type\":\"ImageObject\",\"inLanguage\":\"es\",\"@id\":\"https:\\\/\\\/www.segurosaegon.com\\\/canalmediadores\\\/2025\\\/06\\\/20\\\/entrevista-a-pedro-zabaleta-director-del-canal-mediadores-de-aegon-espana\\\/#primaryimage\",\"url\":\"https:\\\/\\\/www.segurosaegon.com\\\/canalmediadores\\\/wp-content\\\/uploads\\\/sites\\\/40\\\/2025\\\/06\\\/Noticia-4_Foto-Pedro.avif\",\"contentUrl\":\"https:\\\/\\\/www.segurosaegon.com\\\/canalmediadores\\\/wp-content\\\/uploads\\\/sites\\\/40\\\/2025\\\/06\\\/Noticia-4_Foto-Pedro.avif\",\"width\":2048,\"height\":1531},{\"@type\":\"BreadcrumbList\",\"@id\":\"https:\\\/\\\/www.segurosaegon.com\\\/canalmediadores\\\/2025\\\/06\\\/20\\\/entrevista-a-pedro-zabaleta-director-del-canal-mediadores-de-aegon-espana\\\/#breadcrumb\",\"itemListElement\":[{\"@type\":\"ListItem\",\"position\":1,\"name\":\"Portada\",\"item\":\"https:\\\/\\\/www.segurosaegon.com\\\/canalmediadores\\\/\"},{\"@type\":\"ListItem\",\"position\":2,\"name\":\"Entrevista a Pedro Zabaleta, director del Canal Mediadores de Aegon Espa\u00f1a\"}]},{\"@type\":\"WebSite\",\"@id\":\"https:\\\/\\\/www.segurosaegon.com\\\/canalmediadores\\\/#website\",\"url\":\"https:\\\/\\\/www.segurosaegon.com\\\/canalmediadores\\\/\",\"name\":\"Canal Mediadores - Aegon Seguros de Vida y Salud\",\"description\":\"\",\"publisher\":{\"@id\":\"https:\\\/\\\/www.segurosaegon.com\\\/canalmediadores\\\/#organization\"},\"potentialAction\":[{\"@type\":\"SearchAction\",\"target\":{\"@type\":\"EntryPoint\",\"urlTemplate\":\"https:\\\/\\\/www.segurosaegon.com\\\/canalmediadores\\\/?s={search_term_string}\"},\"query-input\":{\"@type\":\"PropertyValueSpecification\",\"valueRequired\":true,\"valueName\":\"search_term_string\"}}],\"inLanguage\":\"es\"},{\"@type\":\"Organization\",\"@id\":\"https:\\\/\\\/www.segurosaegon.com\\\/canalmediadores\\\/#organization\",\"name\":\"Canal Mediadores - Aegon Seguros de Vida y Salud\",\"url\":\"https:\\\/\\\/www.segurosaegon.com\\\/canalmediadores\\\/\",\"logo\":{\"@type\":\"ImageObject\",\"inLanguage\":\"es\",\"@id\":\"https:\\\/\\\/www.segurosaegon.com\\\/canalmediadores\\\/#\\\/schema\\\/logo\\\/image\\\/\",\"url\":\"https:\\\/\\\/www.segurosaegon.com\\\/canalmediadores\\\/wp-content\\\/uploads\\\/sites\\\/40\\\/2024\\\/06\\\/Aegon_Logo_2024_PEQv2.png\",\"contentUrl\":\"https:\\\/\\\/www.segurosaegon.com\\\/canalmediadores\\\/wp-content\\\/uploads\\\/sites\\\/40\\\/2024\\\/06\\\/Aegon_Logo_2024_PEQv2.png\",\"width\":147,\"height\":39,\"caption\":\"Canal Mediadores - Aegon Seguros de Vida y Salud\"},\"image\":{\"@id\":\"https:\\\/\\\/www.segurosaegon.com\\\/canalmediadores\\\/#\\\/schema\\\/logo\\\/image\\\/\"}}]}<\/script>\n<!-- \/ Yoast SEO plugin. -->","yoast_head_json":{"title":"Entrevista a Pedro Zabaleta, director del Canal Mediadores de Aegon Espa\u00f1a - Canal Mediadores - Aegon Seguros de Vida y Salud","robots":{"index":"index","follow":"follow","max-snippet":"max-snippet:-1","max-image-preview":"max-image-preview:large","max-video-preview":"max-video-preview:-1"},"canonical":"https:\/\/www.segurosaegon.com\/canalmediadores\/2025\/06\/20\/entrevista-a-pedro-zabaleta-director-del-canal-mediadores-de-aegon-espana\/","og_locale":"es_ES","og_type":"article","og_title":"Entrevista a Pedro Zabaleta, director del Canal Mediadores de Aegon Espa\u00f1a - Canal Mediadores - Aegon Seguros de Vida y Salud","og_description":"\u00bfEn qu\u00e9 consiste el Plan Estrat\u00e9gico de Mediaci\u00f3n de Aegon y qu\u00e9 resultados ha proporcionado hasta ahora? Es un plan exclusivo para el canal mediador que nos permite mejorar la calidad del servicio, impulsar la digitalizaci\u00f3n y fortalecer la formaci\u00f3n. Gracias a esta iniciativa hemos aumentado significativamente el n\u00famero de mediadores que desean colaborar con [&hellip;]","og_url":"https:\/\/www.segurosaegon.com\/canalmediadores\/2025\/06\/20\/entrevista-a-pedro-zabaleta-director-del-canal-mediadores-de-aegon-espana\/","og_site_name":"Canal Mediadores - Aegon Seguros de Vida y Salud","article_published_time":"2025-06-20T11:29:26+00:00","og_image":[{"width":2048,"height":1531,"url":"https:\/\/www.segurosaegon.com\/canalmediadores\/wp-content\/uploads\/sites\/40\/2025\/06\/Noticia-4_Foto-Pedro.avif","type":"image\/png"}],"twitter_card":"summary_large_image","twitter_misc":{"Tiempo de lectura":"4 minutos"},"schema":{"@context":"https:\/\/schema.org","@graph":[{"@type":"Article","@id":"https:\/\/www.segurosaegon.com\/canalmediadores\/2025\/06\/20\/entrevista-a-pedro-zabaleta-director-del-canal-mediadores-de-aegon-espana\/#article","isPartOf":{"@id":"https:\/\/www.segurosaegon.com\/canalmediadores\/2025\/06\/20\/entrevista-a-pedro-zabaleta-director-del-canal-mediadores-de-aegon-espana\/"},"author":{"name":"","@id":""},"headline":"Entrevista a Pedro Zabaleta, director del Canal Mediadores de Aegon Espa\u00f1a","datePublished":"2025-06-20T11:29:26+00:00","mainEntityOfPage":{"@id":"https:\/\/www.segurosaegon.com\/canalmediadores\/2025\/06\/20\/entrevista-a-pedro-zabaleta-director-del-canal-mediadores-de-aegon-espana\/"},"wordCount":801,"commentCount":0,"publisher":{"@id":"https:\/\/www.segurosaegon.com\/canalmediadores\/#organization"},"image":{"@id":"https:\/\/www.segurosaegon.com\/canalmediadores\/2025\/06\/20\/entrevista-a-pedro-zabaleta-director-del-canal-mediadores-de-aegon-espana\/#primaryimage"},"thumbnailUrl":"https:\/\/www.segurosaegon.com\/canalmediadores\/wp-content\/uploads\/sites\/40\/2025\/06\/Noticia-4_Foto-Pedro.avif","inLanguage":"es","potentialAction":[{"@type":"CommentAction","name":"Comment","target":["https:\/\/www.segurosaegon.com\/canalmediadores\/2025\/06\/20\/entrevista-a-pedro-zabaleta-director-del-canal-mediadores-de-aegon-espana\/#respond"]}]},{"@type":"WebPage","@id":"https:\/\/www.segurosaegon.com\/canalmediadores\/2025\/06\/20\/entrevista-a-pedro-zabaleta-director-del-canal-mediadores-de-aegon-espana\/","url":"https:\/\/www.segurosaegon.com\/canalmediadores\/2025\/06\/20\/entrevista-a-pedro-zabaleta-director-del-canal-mediadores-de-aegon-espana\/","name":"Entrevista a Pedro Zabaleta, director del Canal Mediadores de Aegon Espa\u00f1a - Canal Mediadores - Aegon Seguros de Vida y Salud","isPartOf":{"@id":"https:\/\/www.segurosaegon.com\/canalmediadores\/#website"},"primaryImageOfPage":{"@id":"https:\/\/www.segurosaegon.com\/canalmediadores\/2025\/06\/20\/entrevista-a-pedro-zabaleta-director-del-canal-mediadores-de-aegon-espana\/#primaryimage"},"image":{"@id":"https:\/\/www.segurosaegon.com\/canalmediadores\/2025\/06\/20\/entrevista-a-pedro-zabaleta-director-del-canal-mediadores-de-aegon-espana\/#primaryimage"},"thumbnailUrl":"https:\/\/www.segurosaegon.com\/canalmediadores\/wp-content\/uploads\/sites\/40\/2025\/06\/Noticia-4_Foto-Pedro.avif","datePublished":"2025-06-20T11:29:26+00:00","breadcrumb":{"@id":"https:\/\/www.segurosaegon.com\/canalmediadores\/2025\/06\/20\/entrevista-a-pedro-zabaleta-director-del-canal-mediadores-de-aegon-espana\/#breadcrumb"},"inLanguage":"es","potentialAction":[{"@type":"ReadAction","target":["https:\/\/www.segurosaegon.com\/canalmediadores\/2025\/06\/20\/entrevista-a-pedro-zabaleta-director-del-canal-mediadores-de-aegon-espana\/"]}]},{"@type":"ImageObject","inLanguage":"es","@id":"https:\/\/www.segurosaegon.com\/canalmediadores\/2025\/06\/20\/entrevista-a-pedro-zabaleta-director-del-canal-mediadores-de-aegon-espana\/#primaryimage","url":"https:\/\/www.segurosaegon.com\/canalmediadores\/wp-content\/uploads\/sites\/40\/2025\/06\/Noticia-4_Foto-Pedro.avif","contentUrl":"https:\/\/www.segurosaegon.com\/canalmediadores\/wp-content\/uploads\/sites\/40\/2025\/06\/Noticia-4_Foto-Pedro.avif","width":2048,"height":1531},{"@type":"BreadcrumbList","@id":"https:\/\/www.segurosaegon.com\/canalmediadores\/2025\/06\/20\/entrevista-a-pedro-zabaleta-director-del-canal-mediadores-de-aegon-espana\/#breadcrumb","itemListElement":[{"@type":"ListItem","position":1,"name":"Portada","item":"https:\/\/www.segurosaegon.com\/canalmediadores\/"},{"@type":"ListItem","position":2,"name":"Entrevista a Pedro Zabaleta, director del Canal Mediadores de Aegon Espa\u00f1a"}]},{"@type":"WebSite","@id":"https:\/\/www.segurosaegon.com\/canalmediadores\/#website","url":"https:\/\/www.segurosaegon.com\/canalmediadores\/","name":"Canal Mediadores - Aegon Seguros de Vida y Salud","description":"","publisher":{"@id":"https:\/\/www.segurosaegon.com\/canalmediadores\/#organization"},"potentialAction":[{"@type":"SearchAction","target":{"@type":"EntryPoint","urlTemplate":"https:\/\/www.segurosaegon.com\/canalmediadores\/?s={search_term_string}"},"query-input":{"@type":"PropertyValueSpecification","valueRequired":true,"valueName":"search_term_string"}}],"inLanguage":"es"},{"@type":"Organization","@id":"https:\/\/www.segurosaegon.com\/canalmediadores\/#organization","name":"Canal Mediadores - Aegon Seguros de Vida y Salud","url":"https:\/\/www.segurosaegon.com\/canalmediadores\/","logo":{"@type":"ImageObject","inLanguage":"es","@id":"https:\/\/www.segurosaegon.com\/canalmediadores\/#\/schema\/logo\/image\/","url":"https:\/\/www.segurosaegon.com\/canalmediadores\/wp-content\/uploads\/sites\/40\/2024\/06\/Aegon_Logo_2024_PEQv2.png","contentUrl":"https:\/\/www.segurosaegon.com\/canalmediadores\/wp-content\/uploads\/sites\/40\/2024\/06\/Aegon_Logo_2024_PEQv2.png","width":147,"height":39,"caption":"Canal Mediadores - Aegon Seguros de Vida y Salud"},"image":{"@id":"https:\/\/www.segurosaegon.com\/canalmediadores\/#\/schema\/logo\/image\/"}}]}},"_links":{"self":[{"href":"https:\/\/www.segurosaegon.com\/canalmediadores\/wp-json\/wp\/v2\/posts\/5904","targetHints":{"allow":["GET"]}}],"collection":[{"href":"https:\/\/www.segurosaegon.com\/canalmediadores\/wp-json\/wp\/v2\/posts"}],"about":[{"href":"https:\/\/www.segurosaegon.com\/canalmediadores\/wp-json\/wp\/v2\/types\/post"}],"replies":[{"embeddable":true,"href":"https:\/\/www.segurosaegon.com\/canalmediadores\/wp-json\/wp\/v2\/comments?post=5904"}],"version-history":[{"count":1,"href":"https:\/\/www.segurosaegon.com\/canalmediadores\/wp-json\/wp\/v2\/posts\/5904\/revisions"}],"predecessor-version":[{"id":5905,"href":"https:\/\/www.segurosaegon.com\/canalmediadores\/wp-json\/wp\/v2\/posts\/5904\/revisions\/5905"}],"wp:featuredmedia":[{"embeddable":true,"href":"https:\/\/www.segurosaegon.com\/canalmediadores\/wp-json\/wp\/v2\/media\/5893"}],"wp:attachment":[{"href":"https:\/\/www.segurosaegon.com\/canalmediadores\/wp-json\/wp\/v2\/media?parent=5904"}],"wp:term":[{"taxonomy":"category","embeddable":true,"href":"https:\/\/www.segurosaegon.com\/canalmediadores\/wp-json\/wp\/v2\/categories?post=5904"},{"taxonomy":"post_tag","embeddable":true,"href":"https:\/\/www.segurosaegon.com\/canalmediadores\/wp-json\/wp\/v2\/tags?post=5904"}],"curies":[{"name":"wp","href":"https:\/\/api.w.org\/{rel}","templated":true}]}}