{"id":5981,"date":"2025-10-14T09:21:03","date_gmt":"2025-10-14T07:21:03","guid":{"rendered":"https:\/\/www.segurosaegon.com\/canalmediadores\/?p=5981"},"modified":"2025-10-14T09:21:05","modified_gmt":"2025-10-14T07:21:05","slug":"entrevista-a-pedro-zabaleta-director-de-canal-de-mediacion-de-aegon-nuestro-plan-estrategico-impulsa-la-produccion-de-nuestros-corredores-creciendo-un-235-desde-su-lanzamiento","status":"publish","type":"post","link":"https:\/\/www.segurosaegon.com\/canalmediadores\/2025\/10\/14\/entrevista-a-pedro-zabaleta-director-de-canal-de-mediacion-de-aegon-nuestro-plan-estrategico-impulsa-la-produccion-de-nuestros-corredores-creciendo-un-235-desde-su-lanzamiento\/","title":{"rendered":"Entrevista a Pedro Zabaleta, director de Canal de Mediaci\u00f3n de Aegon: \u201cNuestro plan estrat\u00e9gico impulsa la producci\u00f3n de nuestros corredores, creciendo un 235% desde su lanzamiento\u201d"},"content":{"rendered":"\n<h2 class=\"wp-block-heading has-custom-warm-black-color has-text-color has-link-color has-forever-forma-heading-font-family wp-elements-198d25f2009bfdaeeaa2ed546c35f401\" style=\"padding-top:20px;font-size:clamp(16.293px, 1.018rem + ((1vw - 3.2px) * 0.989), 25px);font-style:normal;font-weight:700\">El Plan Estrat\u00e9gico de Mediaci\u00f3n (PEM) se lanz\u00f3 hace tres a\u00f1os y se ha convertido en una referencia dentro del sector. \u00bfPodr\u00eda explicarnos en qu\u00e9 consiste y qu\u00e9 motivaciones llevaron a Aegon a ponerlo en marcha?<\/h2>\n\n\n\n<p class=\"has-custom-warm-black-color has-text-color has-link-color has-forever-forma-body-text-font-family wp-elements-8a9b029f38cf69c51e14644f4a74a474\" style=\"font-size:clamp(14px, 0.875rem + ((1vw - 3.2px) * 0.341), 17px);line-height:1.2\">El PEM nace en 2022 como una respuesta a una necesidad muy concreta: reforzar el papel del mediador como socio estrat\u00e9gico en nuestro modelo de distribuci\u00f3n. Aegon llevaba a\u00f1os trabajando en iniciativas de mejora de servicio al mediador, pero con este plan decidimos dar un paso m\u00e1s y construir una hoja de ruta exclusiva para el Canal Mediador. Est\u00e1 estructurado en torno a cinco ejes fundamentales: propuesta de valor al cliente, soporte operativo, gesti\u00f3n comercial, procesos y herramientas, e incentivos. El objetivo es estar m\u00e1s cerca de los corredores, facilitarles su trabajo y, sobre todo, ayudarles a ser m\u00e1s rentables en su d\u00eda a d\u00eda.<\/p>\n\n\n\n<h2 class=\"wp-block-heading has-custom-warm-black-color has-text-color has-link-color has-forever-forma-heading-font-family wp-elements-63c2d7d0cdcd088b25909d06d3902b03\" style=\"padding-top:20px;font-size:clamp(16.293px, 1.018rem + ((1vw - 3.2px) * 0.989), 25px);font-style:normal;font-weight:700\">\u00bfQu\u00e9 resultados han observado en estos tres a\u00f1os de implementaci\u00f3n?<\/h2>\n\n\n\n<p class=\"has-custom-warm-black-color has-text-color has-link-color has-forever-forma-body-text-font-family wp-elements-75b3b27306323fca25d4d481231eb771\" style=\"font-size:clamp(14px, 0.875rem + ((1vw - 3.2px) * 0.341), 17px);line-height:1.2\">Los resultados son muy satisfactorios. Hemos incrementado significativamente el n\u00famero de mediadores que trabajan con nosotros, ampliando la capilaridad de nuestra red en toda Espa\u00f1a y cerrando acuerdos con socios estrat\u00e9gicos de gran relevancia. Al mismo tiempo, la satisfacci\u00f3n de los corredores ha crecido de manera notable, porque perciben un servicio m\u00e1s cercano, \u00e1gil y eficiente. Y eso repercute directamente en el cliente final: tiempos de respuesta m\u00e1s cortos, nuevas coberturas, servicios de salud digitalizados y, en definitiva, una experiencia m\u00e1s completa y de calidad.<\/p>\n\n\n\n<p class=\"has-custom-warm-black-color has-text-color has-link-color has-forever-forma-body-text-font-family wp-elements-ea2650a5577caf5dad9f46d59d037676\" style=\"font-size:clamp(14px, 0.875rem + ((1vw - 3.2px) * 0.341), 17px);line-height:1.2\">Los resultados reflejan una evoluci\u00f3n muy positiva en distintas \u00e1reas clave. La producci\u00f3n de los corredores ha crecido un 235% desde el lanzamiento del PEM en cuanto a primas netas de seguros de salud y colectivos se refiere. Adem\u00e1s, el n\u00famero de mediadores productivos ha registrado un espectacular incremento en los \u00faltimos a\u00f1os, aumentando casi un 50% m\u00e1s desde el lanzamiento, y evidenciando as\u00ed la eficacia de las acciones impulsadas para fortalecer la red de mediaci\u00f3n.<\/p>\n\n\n\n<h2 class=\"wp-block-heading has-custom-warm-black-color has-text-color has-link-color has-forever-forma-heading-font-family wp-elements-4ac23aea4a2cfa420281140dee7374c0\" style=\"padding-top:20px;font-size:clamp(16.293px, 1.018rem + ((1vw - 3.2px) * 0.989), 25px);font-style:normal;font-weight:700\">En un sector cada vez m\u00e1s competitivo, \u00bfqu\u00e9 papel desempe\u00f1a este plan en la relaci\u00f3n con los corredores y en la visi\u00f3n de Aegon a largo plazo?<\/h2>\n\n\n\n<p class=\"has-custom-warm-black-color has-text-color has-link-color has-forever-forma-body-text-font-family wp-elements-e25fba7ff531686560eedc0a0b4e9e43\" style=\"font-size:clamp(14px, 0.875rem + ((1vw - 3.2px) * 0.341), 17px);line-height:1.2\">Para nosotros los corredores no son solo distribuidores, son aut\u00e9nticos socios de negocio. El Plan Estrat\u00e9gico nos permite reforzar esa relaci\u00f3n con una propuesta de acompa\u00f1amiento integral: apoyo operativo, formaci\u00f3n continua, digitalizaci\u00f3n de procesos y personalizaci\u00f3n de campa\u00f1as comerciales. Al mismo tiempo, el plan encaja con nuestra visi\u00f3n de largo plazo: crecer de forma sostenible en salud y vida-riesgo, dos ramos estrat\u00e9gicos, y hacerlo de la mano de quienes mejor conocen al cliente final, que son los mediadores.<\/p>\n\n\n\n<h2 class=\"wp-block-heading has-custom-warm-black-color has-text-color has-link-color has-forever-forma-heading-font-family wp-elements-7638388fa7bccad814e3c0a0a55dcc84\" style=\"padding-top:20px;font-size:clamp(16.293px, 1.018rem + ((1vw - 3.2px) * 0.989), 25px);font-style:normal;font-weight:700\">Uno de los puntos que m\u00e1s destacan del PEM es la digitalizaci\u00f3n. \u00bfQu\u00e9 avances concretos han logrado en este terreno y c\u00f3mo se est\u00e1n beneficiando los mediadores?<\/h2>\n\n\n\n<p class=\"has-custom-warm-black-color has-text-color has-link-color has-forever-forma-body-text-font-family wp-elements-7a31d866d8abac3e32bc8cd7b38b7737\" style=\"font-size:clamp(14px, 0.875rem + ((1vw - 3.2px) * 0.341), 17px);line-height:1.2\">La tecnolog\u00eda es un eje transversal del plan. Hoy cada corredor dispone de un entorno digital \u00fanico desde el que puede consultar sus p\u00f3lizas, comisiones, informes de negocio o el estado de sus campa\u00f1as, con total accesibilidad desde cualquier dispositivo. Hemos digitalizado todo el proceso de contrataci\u00f3n, desde la selecci\u00f3n de riesgos hasta la formalizaci\u00f3n, lo que reduce tiempos y errores. Adem\u00e1s, nos hemos incorporado a CIMA, una de las principales plataformas de conectividad del sector, y hemos lanzado Campus Aegon, que ofrece formaci\u00f3n online adaptada a las necesidades de cada mediador. Todo esto hace que el corredor gane eficiencia, tenga mayor capacidad de an\u00e1lisis y pueda dedicar m\u00e1s tiempo a asesorar a sus clientes.<\/p>\n\n\n\n<h2 class=\"wp-block-heading has-custom-warm-black-color has-text-color has-link-color has-forever-forma-heading-font-family wp-elements-79757556e95c895967f2d6db29e5f45a\" style=\"padding-top:20px;font-size:clamp(16.293px, 1.018rem + ((1vw - 3.2px) * 0.989), 25px);font-style:normal;font-weight:700\">Otro de los aspectos clave del plan es la personalizaci\u00f3n. \u00bfC\u00f3mo se traduce en la pr\u00e1ctica esta apuesta por un trato individualizado con cada corredor?<\/h2>\n\n\n\n<p class=\"has-custom-warm-black-color has-text-color has-link-color has-forever-forma-body-text-font-family wp-elements-39705cbd15ccfa7e25ffa36b6363935f\" style=\"font-size:clamp(14px, 0.875rem + ((1vw - 3.2px) * 0.341), 17px);line-height:1.2\">La personalizaci\u00f3n es uno de los grandes diferenciales del plan estrat\u00e9gico. Con cada corredor trabajamos un plan de negocio a medida, adaptado a su cartera, su potencial y sus objetivos. Dise\u00f1amos campa\u00f1as de marketing y paquetes de incentivos espec\u00edficos, que no solo buscan remunerar la producci\u00f3n, sino tambi\u00e9n favorecer la vinculaci\u00f3n y la rentabilidad sostenida en el tiempo. Esto significa que el mediador no recibe una propuesta est\u00e1ndar, sino un acompa\u00f1amiento estrat\u00e9gico que le permite crecer sobre bases s\u00f3lidas.<\/p>\n\n\n\n<h2 class=\"wp-block-heading has-custom-warm-black-color has-text-color has-link-color has-forever-forma-heading-font-family wp-elements-175d263604f37a6e8ca08693b9bb122e\" style=\"padding-top:20px;font-size:clamp(16.293px, 1.018rem + ((1vw - 3.2px) * 0.989), 25px);font-style:normal;font-weight:700\">\u00bfC\u00f3mo est\u00e1n acogiendo los clientes finales estos cambios que trae consigo el plan?<\/h2>\n\n\n\n<p class=\"has-custom-warm-black-color has-text-color has-link-color has-forever-forma-body-text-font-family wp-elements-b302a3c4a1b4aa82d607148c6f9b9810\" style=\"font-size:clamp(14px, 0.875rem + ((1vw - 3.2px) * 0.341), 17px);line-height:1.2\">El impacto en los clientes es muy positivo. Gracias a la innovaci\u00f3n y a la escucha activa, hemos podido introducir mejoras tangibles en su d\u00eda a d\u00eda: telemedicina, gesti\u00f3n a trav\u00e9s de la app Mi Aegon, atenci\u00f3n por WhatsApp y redes sociales conectadas directamente con el contact center. Todo ello hace que los clientes valoren la comodidad, la rapidez y la cercan\u00eda en el servicio. Prueba de ello son los premios que recibimos a\u00f1o tras a\u00f1o como mejor servicio de atenci\u00f3n al cliente en salud y vida.<\/p>\n\n\n\n<h2 class=\"wp-block-heading has-custom-warm-black-color has-text-color has-link-color has-forever-forma-heading-font-family wp-elements-7d4deba259f9bd4dc5e8ca68823edce9\" style=\"padding-top:20px;font-size:clamp(16.293px, 1.018rem + ((1vw - 3.2px) * 0.989), 25px);font-style:normal;font-weight:700\">Mirando al futuro, \u00bfqu\u00e9 retos y metas persigue Aegon con el PEM en los pr\u00f3ximos a\u00f1os?<\/h2>\n\n\n\n<p class=\"has-custom-warm-black-color has-text-color has-link-color has-forever-forma-body-text-font-family wp-elements-1601f0920df082992bf8021f9b08124e\" style=\"font-size:clamp(14px, 0.875rem + ((1vw - 3.2px) * 0.341), 17px);line-height:1.2\">El PEM no es un proyecto cerrado con fecha de caducidad, sino una cultura de trabajo que queremos mantener viva. Nuestro reto es seguir consolidando las bases ya creadas y, al mismo tiempo, adaptarnos a las nuevas necesidades de los mediadores y de los clientes. Queremos ampliar nuestra capilaridad en todo el territorio nacional, reforzar la formaci\u00f3n continua, consolidar nuestra apuesta por la digitalizaci\u00f3n y profundizar en los acuerdos estrat\u00e9gicos que nos permitan crecer en salud y vida. En definitiva, seguir construyendo una relaci\u00f3n de confianza y proximidad con los mediadores, para que juntos podamos ser cada d\u00eda m\u00e1s rentables y relevantes para la sociedad.<\/p>\n","protected":false},"excerpt":{"rendered":"<p>El Plan Estrat\u00e9gico de Mediaci\u00f3n (PEM) se lanz\u00f3 hace tres a\u00f1os y se ha convertido en una referencia dentro del sector. \u00bfPodr\u00eda explicarnos en qu\u00e9 consiste y qu\u00e9 motivaciones llevaron a Aegon a ponerlo en marcha? El PEM nace en 2022 como una respuesta a una necesidad muy concreta: reforzar el papel del mediador como [&hellip;]<\/p>\n","protected":false},"author":0,"featured_media":5982,"comment_status":"open","ping_status":"open","sticky":false,"template":"","format":"standard","meta":{"footnotes":""},"categories":[21],"tags":[],"class_list":["post-5981","post","type-post","status-publish","format-standard","has-post-thumbnail","hentry","category-entrevistas"],"yoast_head":"<!-- This site is optimized with the Yoast SEO plugin v27.4 - https:\/\/yoast.com\/product\/yoast-seo-wordpress\/ -->\n<title>Entrevista a Pedro Zabaleta, director de Canal de Mediaci\u00f3n de Aegon: \u201cNuestro plan estrat\u00e9gico impulsa la producci\u00f3n de nuestros corredores, creciendo un 235% desde su lanzamiento\u201d - Canal Mediadores - Aegon Seguros de Vida y Salud<\/title>\n<meta name=\"robots\" content=\"index, follow, max-snippet:-1, max-image-preview:large, max-video-preview:-1\" \/>\n<link rel=\"canonical\" href=\"https:\/\/www.segurosaegon.com\/canalmediadores\/2025\/10\/14\/entrevista-a-pedro-zabaleta-director-de-canal-de-mediacion-de-aegon-nuestro-plan-estrategico-impulsa-la-produccion-de-nuestros-corredores-creciendo-un-235-desde-su-lanzamiento\/\" \/>\n<meta property=\"og:locale\" content=\"es_ES\" \/>\n<meta property=\"og:type\" content=\"article\" \/>\n<meta property=\"og:title\" content=\"Entrevista a Pedro Zabaleta, director de Canal de Mediaci\u00f3n de Aegon: \u201cNuestro plan estrat\u00e9gico impulsa la producci\u00f3n de nuestros corredores, creciendo un 235% desde su lanzamiento\u201d - Canal Mediadores - Aegon Seguros de Vida y Salud\" \/>\n<meta property=\"og:description\" content=\"El Plan Estrat\u00e9gico de Mediaci\u00f3n (PEM) se lanz\u00f3 hace tres a\u00f1os y se ha convertido en una referencia dentro del sector. \u00bfPodr\u00eda explicarnos en qu\u00e9 consiste y qu\u00e9 motivaciones llevaron a Aegon a ponerlo en marcha? El PEM nace en 2022 como una respuesta a una necesidad muy concreta: reforzar el papel del mediador como [&hellip;]\" \/>\n<meta property=\"og:url\" content=\"https:\/\/www.segurosaegon.com\/canalmediadores\/2025\/10\/14\/entrevista-a-pedro-zabaleta-director-de-canal-de-mediacion-de-aegon-nuestro-plan-estrategico-impulsa-la-produccion-de-nuestros-corredores-creciendo-un-235-desde-su-lanzamiento\/\" \/>\n<meta property=\"og:site_name\" content=\"Canal Mediadores - Aegon Seguros de Vida y Salud\" \/>\n<meta property=\"article:published_time\" content=\"2025-10-14T07:21:03+00:00\" \/>\n<meta property=\"article:modified_time\" content=\"2025-10-14T07:21:05+00:00\" \/>\n<meta property=\"og:image\" content=\"https:\/\/www.segurosaegon.com\/canalmediadores\/wp-content\/uploads\/sites\/40\/2025\/10\/Zabaleta_AEGON-9-scaled.avif\" \/>\n\t<meta property=\"og:image:width\" content=\"2560\" \/>\n\t<meta property=\"og:image:height\" content=\"1944\" \/>\n\t<meta property=\"og:image:type\" content=\"image\/jpeg\" \/>\n<meta name=\"twitter:card\" content=\"summary_large_image\" \/>\n<meta name=\"twitter:label1\" content=\"Tiempo de lectura\" \/>\n\t<meta name=\"twitter:data1\" content=\"5 minutos\" \/>\n<script type=\"application\/ld+json\" class=\"yoast-schema-graph\">{\"@context\":\"https:\\\/\\\/schema.org\",\"@graph\":[{\"@type\":\"Article\",\"@id\":\"https:\\\/\\\/www.segurosaegon.com\\\/canalmediadores\\\/2025\\\/10\\\/14\\\/entrevista-a-pedro-zabaleta-director-de-canal-de-mediacion-de-aegon-nuestro-plan-estrategico-impulsa-la-produccion-de-nuestros-corredores-creciendo-un-235-desde-su-lanzamiento\\\/#article\",\"isPartOf\":{\"@id\":\"https:\\\/\\\/www.segurosaegon.com\\\/canalmediadores\\\/2025\\\/10\\\/14\\\/entrevista-a-pedro-zabaleta-director-de-canal-de-mediacion-de-aegon-nuestro-plan-estrategico-impulsa-la-produccion-de-nuestros-corredores-creciendo-un-235-desde-su-lanzamiento\\\/\"},\"author\":{\"name\":\"\",\"@id\":\"\"},\"headline\":\"Entrevista a Pedro Zabaleta, director de Canal de Mediaci\u00f3n de Aegon: \u201cNuestro plan estrat\u00e9gico impulsa la producci\u00f3n de nuestros corredores, creciendo un 235% desde su lanzamiento\u201d\",\"datePublished\":\"2025-10-14T07:21:03+00:00\",\"dateModified\":\"2025-10-14T07:21:05+00:00\",\"mainEntityOfPage\":{\"@id\":\"https:\\\/\\\/www.segurosaegon.com\\\/canalmediadores\\\/2025\\\/10\\\/14\\\/entrevista-a-pedro-zabaleta-director-de-canal-de-mediacion-de-aegon-nuestro-plan-estrategico-impulsa-la-produccion-de-nuestros-corredores-creciendo-un-235-desde-su-lanzamiento\\\/\"},\"wordCount\":1001,\"commentCount\":0,\"publisher\":{\"@id\":\"https:\\\/\\\/www.segurosaegon.com\\\/canalmediadores\\\/#organization\"},\"image\":{\"@id\":\"https:\\\/\\\/www.segurosaegon.com\\\/canalmediadores\\\/2025\\\/10\\\/14\\\/entrevista-a-pedro-zabaleta-director-de-canal-de-mediacion-de-aegon-nuestro-plan-estrategico-impulsa-la-produccion-de-nuestros-corredores-creciendo-un-235-desde-su-lanzamiento\\\/#primaryimage\"},\"thumbnailUrl\":\"https:\\\/\\\/www.segurosaegon.com\\\/canalmediadores\\\/wp-content\\\/uploads\\\/sites\\\/40\\\/2025\\\/10\\\/Zabaleta_AEGON-9-scaled.avif\",\"articleSection\":[\"ENTREVISTAS\"],\"inLanguage\":\"es\",\"potentialAction\":[{\"@type\":\"CommentAction\",\"name\":\"Comment\",\"target\":[\"https:\\\/\\\/www.segurosaegon.com\\\/canalmediadores\\\/2025\\\/10\\\/14\\\/entrevista-a-pedro-zabaleta-director-de-canal-de-mediacion-de-aegon-nuestro-plan-estrategico-impulsa-la-produccion-de-nuestros-corredores-creciendo-un-235-desde-su-lanzamiento\\\/#respond\"]}]},{\"@type\":\"WebPage\",\"@id\":\"https:\\\/\\\/www.segurosaegon.com\\\/canalmediadores\\\/2025\\\/10\\\/14\\\/entrevista-a-pedro-zabaleta-director-de-canal-de-mediacion-de-aegon-nuestro-plan-estrategico-impulsa-la-produccion-de-nuestros-corredores-creciendo-un-235-desde-su-lanzamiento\\\/\",\"url\":\"https:\\\/\\\/www.segurosaegon.com\\\/canalmediadores\\\/2025\\\/10\\\/14\\\/entrevista-a-pedro-zabaleta-director-de-canal-de-mediacion-de-aegon-nuestro-plan-estrategico-impulsa-la-produccion-de-nuestros-corredores-creciendo-un-235-desde-su-lanzamiento\\\/\",\"name\":\"Entrevista a Pedro Zabaleta, director de Canal de Mediaci\u00f3n de Aegon: \u201cNuestro plan estrat\u00e9gico impulsa la producci\u00f3n de nuestros corredores, creciendo un 235% desde su lanzamiento\u201d - Canal Mediadores - Aegon Seguros de Vida y Salud\",\"isPartOf\":{\"@id\":\"https:\\\/\\\/www.segurosaegon.com\\\/canalmediadores\\\/#website\"},\"primaryImageOfPage\":{\"@id\":\"https:\\\/\\\/www.segurosaegon.com\\\/canalmediadores\\\/2025\\\/10\\\/14\\\/entrevista-a-pedro-zabaleta-director-de-canal-de-mediacion-de-aegon-nuestro-plan-estrategico-impulsa-la-produccion-de-nuestros-corredores-creciendo-un-235-desde-su-lanzamiento\\\/#primaryimage\"},\"image\":{\"@id\":\"https:\\\/\\\/www.segurosaegon.com\\\/canalmediadores\\\/2025\\\/10\\\/14\\\/entrevista-a-pedro-zabaleta-director-de-canal-de-mediacion-de-aegon-nuestro-plan-estrategico-impulsa-la-produccion-de-nuestros-corredores-creciendo-un-235-desde-su-lanzamiento\\\/#primaryimage\"},\"thumbnailUrl\":\"https:\\\/\\\/www.segurosaegon.com\\\/canalmediadores\\\/wp-content\\\/uploads\\\/sites\\\/40\\\/2025\\\/10\\\/Zabaleta_AEGON-9-scaled.avif\",\"datePublished\":\"2025-10-14T07:21:03+00:00\",\"dateModified\":\"2025-10-14T07:21:05+00:00\",\"breadcrumb\":{\"@id\":\"https:\\\/\\\/www.segurosaegon.com\\\/canalmediadores\\\/2025\\\/10\\\/14\\\/entrevista-a-pedro-zabaleta-director-de-canal-de-mediacion-de-aegon-nuestro-plan-estrategico-impulsa-la-produccion-de-nuestros-corredores-creciendo-un-235-desde-su-lanzamiento\\\/#breadcrumb\"},\"inLanguage\":\"es\",\"potentialAction\":[{\"@type\":\"ReadAction\",\"target\":[\"https:\\\/\\\/www.segurosaegon.com\\\/canalmediadores\\\/2025\\\/10\\\/14\\\/entrevista-a-pedro-zabaleta-director-de-canal-de-mediacion-de-aegon-nuestro-plan-estrategico-impulsa-la-produccion-de-nuestros-corredores-creciendo-un-235-desde-su-lanzamiento\\\/\"]}]},{\"@type\":\"ImageObject\",\"inLanguage\":\"es\",\"@id\":\"https:\\\/\\\/www.segurosaegon.com\\\/canalmediadores\\\/2025\\\/10\\\/14\\\/entrevista-a-pedro-zabaleta-director-de-canal-de-mediacion-de-aegon-nuestro-plan-estrategico-impulsa-la-produccion-de-nuestros-corredores-creciendo-un-235-desde-su-lanzamiento\\\/#primaryimage\",\"url\":\"https:\\\/\\\/www.segurosaegon.com\\\/canalmediadores\\\/wp-content\\\/uploads\\\/sites\\\/40\\\/2025\\\/10\\\/Zabaleta_AEGON-9-scaled.avif\",\"contentUrl\":\"https:\\\/\\\/www.segurosaegon.com\\\/canalmediadores\\\/wp-content\\\/uploads\\\/sites\\\/40\\\/2025\\\/10\\\/Zabaleta_AEGON-9-scaled.avif\",\"width\":2560,\"height\":1944},{\"@type\":\"BreadcrumbList\",\"@id\":\"https:\\\/\\\/www.segurosaegon.com\\\/canalmediadores\\\/2025\\\/10\\\/14\\\/entrevista-a-pedro-zabaleta-director-de-canal-de-mediacion-de-aegon-nuestro-plan-estrategico-impulsa-la-produccion-de-nuestros-corredores-creciendo-un-235-desde-su-lanzamiento\\\/#breadcrumb\",\"itemListElement\":[{\"@type\":\"ListItem\",\"position\":1,\"name\":\"Portada\",\"item\":\"https:\\\/\\\/www.segurosaegon.com\\\/canalmediadores\\\/\"},{\"@type\":\"ListItem\",\"position\":2,\"name\":\"Entrevista a Pedro Zabaleta, director de Canal de Mediaci\u00f3n de Aegon: \u201cNuestro plan estrat\u00e9gico impulsa la producci\u00f3n de nuestros corredores, creciendo un 235% desde su lanzamiento\u201d\"}]},{\"@type\":\"WebSite\",\"@id\":\"https:\\\/\\\/www.segurosaegon.com\\\/canalmediadores\\\/#website\",\"url\":\"https:\\\/\\\/www.segurosaegon.com\\\/canalmediadores\\\/\",\"name\":\"Canal Mediadores - Aegon Seguros de Vida y Salud\",\"description\":\"\",\"publisher\":{\"@id\":\"https:\\\/\\\/www.segurosaegon.com\\\/canalmediadores\\\/#organization\"},\"potentialAction\":[{\"@type\":\"SearchAction\",\"target\":{\"@type\":\"EntryPoint\",\"urlTemplate\":\"https:\\\/\\\/www.segurosaegon.com\\\/canalmediadores\\\/?s={search_term_string}\"},\"query-input\":{\"@type\":\"PropertyValueSpecification\",\"valueRequired\":true,\"valueName\":\"search_term_string\"}}],\"inLanguage\":\"es\"},{\"@type\":\"Organization\",\"@id\":\"https:\\\/\\\/www.segurosaegon.com\\\/canalmediadores\\\/#organization\",\"name\":\"Canal Mediadores - Aegon Seguros de Vida y Salud\",\"url\":\"https:\\\/\\\/www.segurosaegon.com\\\/canalmediadores\\\/\",\"logo\":{\"@type\":\"ImageObject\",\"inLanguage\":\"es\",\"@id\":\"https:\\\/\\\/www.segurosaegon.com\\\/canalmediadores\\\/#\\\/schema\\\/logo\\\/image\\\/\",\"url\":\"https:\\\/\\\/www.segurosaegon.com\\\/canalmediadores\\\/wp-content\\\/uploads\\\/sites\\\/40\\\/2024\\\/06\\\/Aegon_Logo_2024_PEQv2.png\",\"contentUrl\":\"https:\\\/\\\/www.segurosaegon.com\\\/canalmediadores\\\/wp-content\\\/uploads\\\/sites\\\/40\\\/2024\\\/06\\\/Aegon_Logo_2024_PEQv2.png\",\"width\":147,\"height\":39,\"caption\":\"Canal Mediadores - Aegon Seguros de Vida y Salud\"},\"image\":{\"@id\":\"https:\\\/\\\/www.segurosaegon.com\\\/canalmediadores\\\/#\\\/schema\\\/logo\\\/image\\\/\"}}]}<\/script>\n<!-- \/ Yoast SEO plugin. -->","yoast_head_json":{"title":"Entrevista a Pedro Zabaleta, director de Canal de Mediaci\u00f3n de Aegon: \u201cNuestro plan estrat\u00e9gico impulsa la producci\u00f3n de nuestros corredores, creciendo un 235% desde su lanzamiento\u201d - Canal Mediadores - Aegon Seguros de Vida y Salud","robots":{"index":"index","follow":"follow","max-snippet":"max-snippet:-1","max-image-preview":"max-image-preview:large","max-video-preview":"max-video-preview:-1"},"canonical":"https:\/\/www.segurosaegon.com\/canalmediadores\/2025\/10\/14\/entrevista-a-pedro-zabaleta-director-de-canal-de-mediacion-de-aegon-nuestro-plan-estrategico-impulsa-la-produccion-de-nuestros-corredores-creciendo-un-235-desde-su-lanzamiento\/","og_locale":"es_ES","og_type":"article","og_title":"Entrevista a Pedro Zabaleta, director de Canal de Mediaci\u00f3n de Aegon: \u201cNuestro plan estrat\u00e9gico impulsa la producci\u00f3n de nuestros corredores, creciendo un 235% desde su lanzamiento\u201d - Canal Mediadores - Aegon Seguros de Vida y Salud","og_description":"El Plan Estrat\u00e9gico de Mediaci\u00f3n (PEM) se lanz\u00f3 hace tres a\u00f1os y se ha convertido en una referencia dentro del sector. \u00bfPodr\u00eda explicarnos en qu\u00e9 consiste y qu\u00e9 motivaciones llevaron a Aegon a ponerlo en marcha? El PEM nace en 2022 como una respuesta a una necesidad muy concreta: reforzar el papel del mediador como [&hellip;]","og_url":"https:\/\/www.segurosaegon.com\/canalmediadores\/2025\/10\/14\/entrevista-a-pedro-zabaleta-director-de-canal-de-mediacion-de-aegon-nuestro-plan-estrategico-impulsa-la-produccion-de-nuestros-corredores-creciendo-un-235-desde-su-lanzamiento\/","og_site_name":"Canal Mediadores - Aegon Seguros de Vida y Salud","article_published_time":"2025-10-14T07:21:03+00:00","article_modified_time":"2025-10-14T07:21:05+00:00","og_image":[{"width":2560,"height":1944,"url":"https:\/\/www.segurosaegon.com\/canalmediadores\/wp-content\/uploads\/sites\/40\/2025\/10\/Zabaleta_AEGON-9-scaled.avif","type":"image\/jpeg"}],"twitter_card":"summary_large_image","twitter_misc":{"Tiempo de lectura":"5 minutos"},"schema":{"@context":"https:\/\/schema.org","@graph":[{"@type":"Article","@id":"https:\/\/www.segurosaegon.com\/canalmediadores\/2025\/10\/14\/entrevista-a-pedro-zabaleta-director-de-canal-de-mediacion-de-aegon-nuestro-plan-estrategico-impulsa-la-produccion-de-nuestros-corredores-creciendo-un-235-desde-su-lanzamiento\/#article","isPartOf":{"@id":"https:\/\/www.segurosaegon.com\/canalmediadores\/2025\/10\/14\/entrevista-a-pedro-zabaleta-director-de-canal-de-mediacion-de-aegon-nuestro-plan-estrategico-impulsa-la-produccion-de-nuestros-corredores-creciendo-un-235-desde-su-lanzamiento\/"},"author":{"name":"","@id":""},"headline":"Entrevista a Pedro Zabaleta, director de Canal de Mediaci\u00f3n de Aegon: \u201cNuestro plan estrat\u00e9gico impulsa la producci\u00f3n de nuestros corredores, creciendo un 235% desde su lanzamiento\u201d","datePublished":"2025-10-14T07:21:03+00:00","dateModified":"2025-10-14T07:21:05+00:00","mainEntityOfPage":{"@id":"https:\/\/www.segurosaegon.com\/canalmediadores\/2025\/10\/14\/entrevista-a-pedro-zabaleta-director-de-canal-de-mediacion-de-aegon-nuestro-plan-estrategico-impulsa-la-produccion-de-nuestros-corredores-creciendo-un-235-desde-su-lanzamiento\/"},"wordCount":1001,"commentCount":0,"publisher":{"@id":"https:\/\/www.segurosaegon.com\/canalmediadores\/#organization"},"image":{"@id":"https:\/\/www.segurosaegon.com\/canalmediadores\/2025\/10\/14\/entrevista-a-pedro-zabaleta-director-de-canal-de-mediacion-de-aegon-nuestro-plan-estrategico-impulsa-la-produccion-de-nuestros-corredores-creciendo-un-235-desde-su-lanzamiento\/#primaryimage"},"thumbnailUrl":"https:\/\/www.segurosaegon.com\/canalmediadores\/wp-content\/uploads\/sites\/40\/2025\/10\/Zabaleta_AEGON-9-scaled.avif","articleSection":["ENTREVISTAS"],"inLanguage":"es","potentialAction":[{"@type":"CommentAction","name":"Comment","target":["https:\/\/www.segurosaegon.com\/canalmediadores\/2025\/10\/14\/entrevista-a-pedro-zabaleta-director-de-canal-de-mediacion-de-aegon-nuestro-plan-estrategico-impulsa-la-produccion-de-nuestros-corredores-creciendo-un-235-desde-su-lanzamiento\/#respond"]}]},{"@type":"WebPage","@id":"https:\/\/www.segurosaegon.com\/canalmediadores\/2025\/10\/14\/entrevista-a-pedro-zabaleta-director-de-canal-de-mediacion-de-aegon-nuestro-plan-estrategico-impulsa-la-produccion-de-nuestros-corredores-creciendo-un-235-desde-su-lanzamiento\/","url":"https:\/\/www.segurosaegon.com\/canalmediadores\/2025\/10\/14\/entrevista-a-pedro-zabaleta-director-de-canal-de-mediacion-de-aegon-nuestro-plan-estrategico-impulsa-la-produccion-de-nuestros-corredores-creciendo-un-235-desde-su-lanzamiento\/","name":"Entrevista a Pedro Zabaleta, director de Canal de Mediaci\u00f3n de Aegon: \u201cNuestro plan estrat\u00e9gico impulsa la producci\u00f3n de nuestros corredores, creciendo un 235% desde su lanzamiento\u201d - Canal Mediadores - Aegon Seguros de Vida y Salud","isPartOf":{"@id":"https:\/\/www.segurosaegon.com\/canalmediadores\/#website"},"primaryImageOfPage":{"@id":"https:\/\/www.segurosaegon.com\/canalmediadores\/2025\/10\/14\/entrevista-a-pedro-zabaleta-director-de-canal-de-mediacion-de-aegon-nuestro-plan-estrategico-impulsa-la-produccion-de-nuestros-corredores-creciendo-un-235-desde-su-lanzamiento\/#primaryimage"},"image":{"@id":"https:\/\/www.segurosaegon.com\/canalmediadores\/2025\/10\/14\/entrevista-a-pedro-zabaleta-director-de-canal-de-mediacion-de-aegon-nuestro-plan-estrategico-impulsa-la-produccion-de-nuestros-corredores-creciendo-un-235-desde-su-lanzamiento\/#primaryimage"},"thumbnailUrl":"https:\/\/www.segurosaegon.com\/canalmediadores\/wp-content\/uploads\/sites\/40\/2025\/10\/Zabaleta_AEGON-9-scaled.avif","datePublished":"2025-10-14T07:21:03+00:00","dateModified":"2025-10-14T07:21:05+00:00","breadcrumb":{"@id":"https:\/\/www.segurosaegon.com\/canalmediadores\/2025\/10\/14\/entrevista-a-pedro-zabaleta-director-de-canal-de-mediacion-de-aegon-nuestro-plan-estrategico-impulsa-la-produccion-de-nuestros-corredores-creciendo-un-235-desde-su-lanzamiento\/#breadcrumb"},"inLanguage":"es","potentialAction":[{"@type":"ReadAction","target":["https:\/\/www.segurosaegon.com\/canalmediadores\/2025\/10\/14\/entrevista-a-pedro-zabaleta-director-de-canal-de-mediacion-de-aegon-nuestro-plan-estrategico-impulsa-la-produccion-de-nuestros-corredores-creciendo-un-235-desde-su-lanzamiento\/"]}]},{"@type":"ImageObject","inLanguage":"es","@id":"https:\/\/www.segurosaegon.com\/canalmediadores\/2025\/10\/14\/entrevista-a-pedro-zabaleta-director-de-canal-de-mediacion-de-aegon-nuestro-plan-estrategico-impulsa-la-produccion-de-nuestros-corredores-creciendo-un-235-desde-su-lanzamiento\/#primaryimage","url":"https:\/\/www.segurosaegon.com\/canalmediadores\/wp-content\/uploads\/sites\/40\/2025\/10\/Zabaleta_AEGON-9-scaled.avif","contentUrl":"https:\/\/www.segurosaegon.com\/canalmediadores\/wp-content\/uploads\/sites\/40\/2025\/10\/Zabaleta_AEGON-9-scaled.avif","width":2560,"height":1944},{"@type":"BreadcrumbList","@id":"https:\/\/www.segurosaegon.com\/canalmediadores\/2025\/10\/14\/entrevista-a-pedro-zabaleta-director-de-canal-de-mediacion-de-aegon-nuestro-plan-estrategico-impulsa-la-produccion-de-nuestros-corredores-creciendo-un-235-desde-su-lanzamiento\/#breadcrumb","itemListElement":[{"@type":"ListItem","position":1,"name":"Portada","item":"https:\/\/www.segurosaegon.com\/canalmediadores\/"},{"@type":"ListItem","position":2,"name":"Entrevista a Pedro Zabaleta, director de Canal de Mediaci\u00f3n de Aegon: \u201cNuestro plan estrat\u00e9gico impulsa la producci\u00f3n de nuestros corredores, creciendo un 235% desde su lanzamiento\u201d"}]},{"@type":"WebSite","@id":"https:\/\/www.segurosaegon.com\/canalmediadores\/#website","url":"https:\/\/www.segurosaegon.com\/canalmediadores\/","name":"Canal Mediadores - Aegon Seguros de Vida y Salud","description":"","publisher":{"@id":"https:\/\/www.segurosaegon.com\/canalmediadores\/#organization"},"potentialAction":[{"@type":"SearchAction","target":{"@type":"EntryPoint","urlTemplate":"https:\/\/www.segurosaegon.com\/canalmediadores\/?s={search_term_string}"},"query-input":{"@type":"PropertyValueSpecification","valueRequired":true,"valueName":"search_term_string"}}],"inLanguage":"es"},{"@type":"Organization","@id":"https:\/\/www.segurosaegon.com\/canalmediadores\/#organization","name":"Canal Mediadores - Aegon Seguros de Vida y Salud","url":"https:\/\/www.segurosaegon.com\/canalmediadores\/","logo":{"@type":"ImageObject","inLanguage":"es","@id":"https:\/\/www.segurosaegon.com\/canalmediadores\/#\/schema\/logo\/image\/","url":"https:\/\/www.segurosaegon.com\/canalmediadores\/wp-content\/uploads\/sites\/40\/2024\/06\/Aegon_Logo_2024_PEQv2.png","contentUrl":"https:\/\/www.segurosaegon.com\/canalmediadores\/wp-content\/uploads\/sites\/40\/2024\/06\/Aegon_Logo_2024_PEQv2.png","width":147,"height":39,"caption":"Canal Mediadores - Aegon Seguros de Vida y Salud"},"image":{"@id":"https:\/\/www.segurosaegon.com\/canalmediadores\/#\/schema\/logo\/image\/"}}]}},"_links":{"self":[{"href":"https:\/\/www.segurosaegon.com\/canalmediadores\/wp-json\/wp\/v2\/posts\/5981","targetHints":{"allow":["GET"]}}],"collection":[{"href":"https:\/\/www.segurosaegon.com\/canalmediadores\/wp-json\/wp\/v2\/posts"}],"about":[{"href":"https:\/\/www.segurosaegon.com\/canalmediadores\/wp-json\/wp\/v2\/types\/post"}],"replies":[{"embeddable":true,"href":"https:\/\/www.segurosaegon.com\/canalmediadores\/wp-json\/wp\/v2\/comments?post=5981"}],"version-history":[{"count":1,"href":"https:\/\/www.segurosaegon.com\/canalmediadores\/wp-json\/wp\/v2\/posts\/5981\/revisions"}],"predecessor-version":[{"id":5983,"href":"https:\/\/www.segurosaegon.com\/canalmediadores\/wp-json\/wp\/v2\/posts\/5981\/revisions\/5983"}],"wp:featuredmedia":[{"embeddable":true,"href":"https:\/\/www.segurosaegon.com\/canalmediadores\/wp-json\/wp\/v2\/media\/5982"}],"wp:attachment":[{"href":"https:\/\/www.segurosaegon.com\/canalmediadores\/wp-json\/wp\/v2\/media?parent=5981"}],"wp:term":[{"taxonomy":"category","embeddable":true,"href":"https:\/\/www.segurosaegon.com\/canalmediadores\/wp-json\/wp\/v2\/categories?post=5981"},{"taxonomy":"post_tag","embeddable":true,"href":"https:\/\/www.segurosaegon.com\/canalmediadores\/wp-json\/wp\/v2\/tags?post=5981"}],"curies":[{"name":"wp","href":"https:\/\/api.w.org\/{rel}","templated":true}]}}