{"id":5985,"date":"2025-11-15T08:00:00","date_gmt":"2025-11-15T07:00:00","guid":{"rendered":"https:\/\/www.segurosaegon.com\/canalmediadores\/?p=5985"},"modified":"2025-10-22T10:38:06","modified_gmt":"2025-10-22T08:38:06","slug":"aegon-lanza-un-nuevo-seguro-de-incapacidad-temporal-reforzando-asi-su-ramo-de-vida-riesgo","status":"publish","type":"post","link":"https:\/\/www.segurosaegon.com\/canalmediadores\/2025\/11\/15\/aegon-lanza-un-nuevo-seguro-de-incapacidad-temporal-reforzando-asi-su-ramo-de-vida-riesgo\/","title":{"rendered":"Aegon lanza un nuevo seguro de Incapacidad Temporal reforzando as\u00ed su ramo de vida-riesgoo"},"content":{"rendered":"\n<p class=\"has-custom-warm-black-color has-text-color has-link-color has-forever-forma-body-text-font-family wp-elements-c48fe0c74a73ca93a49cc07b72444f72\" style=\"font-size:clamp(14px, 0.875rem + ((1vw - 3.2px) * 0.341), 17px);line-height:1.2\">La compa\u00f1\u00eda aseguradora ampl\u00eda su gama de vida-riesgo con el nuevo producto de Incapacidad Temporal para Aut\u00f3nomos (ITA), un producto dise\u00f1ado para peque\u00f1as empresas y profesionales liberales que les ayuda a proteger su nivel de vida y afrontar los cambios econ\u00f3micos y personales con tranquilidad. Con este lanzamiento, la aseguradora refuerza su apuesta por el crecimiento y la consolidaci\u00f3n del ramo vida-riesgo, que cuenta ya con m\u00e1s de un mill\u00f3n y medio de clientes en Espa\u00f1a.<\/p>\n\n\n\n<p class=\"has-custom-warm-black-color has-text-color has-link-color has-forever-forma-body-text-font-family wp-elements-cccad44729ec025ffdca0c40017e3478\" style=\"font-size:clamp(14px, 0.875rem + ((1vw - 3.2px) * 0.341), 17px);line-height:1.2\">Adem\u00e1s, el lanzamiento de este nuevo producto se refuerza con un aval que refleja el compromiso de Aegon con las personas: por cuarto a\u00f1o consecutivo ha sido reconocida con el galard\u00f3n al Servicio de Atenci\u00f3n al Cliente del A\u00f1o en el ramo de vida. Este premio refleja la cercan\u00eda, calidad y excelencia en la atenci\u00f3n que se ofrece a sus clientes, un valor diferencial que tambi\u00e9n acompa\u00f1ar\u00e1 al nuevo producto ITA.<\/p>\n\n\n\n<p class=\"has-custom-warm-black-color has-text-color has-link-color has-forever-forma-body-text-font-family wp-elements-3b29635024b45436eca0959b4600a425\" style=\"font-size:clamp(14px, 0.875rem + ((1vw - 3.2px) * 0.341), 17px);line-height:1.2\">Ignacio Robledo declara: \u201c<em>Con m\u00e1s de 35 a\u00f1os de experiencia en Espa\u00f1a, en Aegon continuamos evolucionando nuestra oferta para dar respuesta a las necesidades de las personas. En Aegon somos personas que cuidan de personas, por eso el lanzamiento de ITA refuerza su prop\u00f3sito de ofrecer soluciones innovadoras que garanticen tranquilidad, seguridad financiera y acompa\u00f1amiento en los momentos m\u00e1s cr\u00edticos<\/em>.\u201d<\/p>\n\n\n\n<h2 class=\"wp-block-heading has-custom-warm-black-color has-text-color has-link-color has-forever-forma-heading-font-family wp-elements-0380ff95ca645e497d632038bc344777\" style=\"padding-top:20px;font-size:clamp(16.293px, 1.018rem + ((1vw - 3.2px) * 0.989), 25px);font-style:normal;font-weight:700\">Pensado para dar la tranquilidad de los m\u00e1s vulnerables<\/h2>\n\n\n\n<p class=\"has-custom-warm-black-color has-text-color has-link-color has-forever-forma-body-text-font-family wp-elements-e93104dd2c8aebdb1115b016a620607d\" style=\"font-size:clamp(14px, 0.875rem + ((1vw - 3.2px) * 0.341), 17px);line-height:1.2\">ITA ha sido dise\u00f1ado teniendo en cuenta las necesidades espec\u00edficas de los trabajadores aut\u00f3nomos y los profesionales liberales, que en muchos casos carecen de una red de protecci\u00f3n suficiente cuando no pueden desarrollar su actividad.<\/p>\n\n\n\n<p class=\"has-custom-warm-black-color has-text-color has-link-color has-forever-forma-body-text-font-family wp-elements-6928f66cd9e1df062e19b9bfeb449dc3\" style=\"font-size:clamp(14px, 0.875rem + ((1vw - 3.2px) * 0.341), 17px);line-height:1.2\">El seguro ITA ofrece dos coberturas; la <strong>incapacidad temporal<\/strong>, que consiste en una indemnizaci\u00f3n econ\u00f3mica en caso de baja laboral por accidente o enfermedad, y como cobertura opcional, se ofrece la <strong>hospitalizaci\u00f3n <\/strong>con prestaci\u00f3n diaria adicional durante el tiempo que dure el ingreso.<\/p>\n\n\n\n<p class=\"has-custom-warm-black-color has-text-color has-link-color has-forever-forma-body-text-font-family wp-elements-867bc0663d52805997ac3477e0503165\" style=\"font-size:clamp(14px, 0.875rem + ((1vw - 3.2px) * 0.341), 17px);line-height:1.2\">La contrataci\u00f3n es sencilla y flexible: el cliente puede elegir el nivel de indemnizaci\u00f3n diaria que mejor se adapte a su situaci\u00f3n, dentro de una serie de opciones que facilita la compa\u00f1\u00eda. Adem\u00e1s, la p\u00f3liza no aplica franquicias, aunque s\u00ed carencias, y ofrece una transparencia total gracias a un baremo que determina de antemano la cuant\u00eda a percibir. Este nuevo producto estar\u00e1 disponible a trav\u00e9s de los canales de venta propios de Aegon, con un proceso de contrataci\u00f3n \u00e1gil que solo requiere completar un breve cuestionario de salud.<\/p>\n\n\n\n<h2 class=\"wp-block-heading has-custom-warm-black-color has-text-color has-link-color has-forever-forma-heading-font-family wp-elements-050bb3f7a88c2fb09986122ad8c11d3c\" style=\"padding-top:20px;font-size:clamp(16.293px, 1.018rem + ((1vw - 3.2px) * 0.989), 25px);font-style:normal;font-weight:700\">Servicios adicionales de acompa\u00f1amiento<\/h2>\n\n\n\n<p class=\"has-custom-warm-black-color has-text-color has-link-color has-forever-forma-body-text-font-family wp-elements-428b547e076032495a4b53942670bf89\" style=\"font-size:clamp(14px, 0.875rem + ((1vw - 3.2px) * 0.341), 17px);line-height:1.2\">M\u00e1s all\u00e1 de la cobertura econ\u00f3mica, ITA incluye una serie de servicios de valor a\u00f1adido que refuerzan la propuesta de Aegon y ofrecen apoyo integral a sus asegurados. Entre ellos se encuentran:<\/p>\n\n\n\n<ul class=\"wp-block-list\">\n<li class=\"has-forever-forma-body-text-font-family\" style=\"font-size:clamp(14px, 0.875rem + ((1vw - 3.2px) * 0.341), 17px);line-height:1.2\">Orientaci\u00f3n m\u00e9dica, pedi\u00e1trica y ginecol\u00f3gica.<\/li>\n\n\n\n<li class=\"has-forever-forma-body-text-font-family\" style=\"font-size:clamp(14px, 0.875rem + ((1vw - 3.2px) * 0.341), 17px);line-height:1.2\">Segunda opini\u00f3n m\u00e9dica internacional.<\/li>\n\n\n\n<li class=\"has-forever-forma-body-text-font-family\" style=\"font-size:clamp(14px, 0.875rem + ((1vw - 3.2px) * 0.341), 17px);line-height:1.2\">Asesoramiento en nutrici\u00f3n y diet\u00e9tica.<\/li>\n\n\n\n<li class=\"has-forever-forma-body-text-font-family\" style=\"font-size:clamp(14px, 0.875rem + ((1vw - 3.2px) * 0.341), 17px);line-height:1.2\">Test de h\u00e1bitos saludables.<\/li>\n\n\n\n<li class=\"has-forever-forma-body-text-font-family\" style=\"font-size:clamp(14px, 0.875rem + ((1vw - 3.2px) * 0.341), 17px);line-height:1.2\">Orientaci\u00f3n psicol\u00f3gica telef\u00f3nica.<\/li>\n\n\n\n<li class=\"has-forever-forma-body-text-font-family\" style=\"font-size:clamp(14px, 0.875rem + ((1vw - 3.2px) * 0.341), 17px);line-height:1.2\">Sesiones con profesionales especializados como fisioterapeutas, psic\u00f3logos o pod\u00f3logos, con un total de hasta 20 sesiones por especialista.<\/li>\n\n\n\n<li class=\"has-forever-forma-body-text-font-family\" style=\"font-size:clamp(14px, 0.875rem + ((1vw - 3.2px) * 0.341), 17px);line-height:1.2\">Ayuda a domicilio de hasta 50 horas para facilitar el d\u00eda a d\u00eda en periodos de convalecencia.<\/li>\n<\/ul>\n\n\n\n<p class=\"has-custom-warm-black-color has-text-color has-link-color has-forever-forma-body-text-font-family wp-elements-6403fa7958593835685631fe82aee8dd\" style=\"font-size:clamp(14px, 0.875rem + ((1vw - 3.2px) * 0.341), 17px);line-height:1.2\">Estos servicios est\u00e1n dise\u00f1ados para acompa\u00f1ar al cliente en todas las fases del proceso, desde la prevenci\u00f3n hasta la recuperaci\u00f3n, aportando un valor a\u00f1adido diferencial frente a otras opciones del mercado.<\/p>\n","protected":false},"excerpt":{"rendered":"<p>La compa\u00f1\u00eda aseguradora ampl\u00eda su gama de vida-riesgo con el nuevo producto de Incapacidad Temporal para Aut\u00f3nomos (ITA), un producto dise\u00f1ado para peque\u00f1as empresas y profesionales liberales que les ayuda a proteger su nivel de vida y afrontar los cambios econ\u00f3micos y personales con tranquilidad. Con este lanzamiento, la aseguradora refuerza su apuesta por el [&hellip;]<\/p>\n","protected":false},"author":0,"featured_media":5986,"comment_status":"open","ping_status":"open","sticky":false,"template":"","format":"standard","meta":{"footnotes":""},"categories":[1],"tags":[],"class_list":["post-5985","post","type-post","status-publish","format-standard","has-post-thumbnail","hentry","category-sin-categoria"],"yoast_head":"<!-- This site is optimized with the Yoast SEO plugin v27.4 - https:\/\/yoast.com\/product\/yoast-seo-wordpress\/ -->\n<title>Aegon lanza un nuevo seguro de Incapacidad Temporal reforzando as\u00ed su ramo de vida-riesgoo - Canal Mediadores - Aegon Seguros de Vida y Salud<\/title>\n<meta name=\"robots\" content=\"index, follow, max-snippet:-1, max-image-preview:large, max-video-preview:-1\" \/>\n<link rel=\"canonical\" href=\"https:\/\/www.segurosaegon.com\/canalmediadores\/2025\/11\/15\/aegon-lanza-un-nuevo-seguro-de-incapacidad-temporal-reforzando-asi-su-ramo-de-vida-riesgo\/\" \/>\n<meta property=\"og:locale\" content=\"es_ES\" \/>\n<meta property=\"og:type\" content=\"article\" \/>\n<meta property=\"og:title\" content=\"Aegon lanza un nuevo seguro de Incapacidad Temporal reforzando as\u00ed su ramo de vida-riesgoo - Canal Mediadores - Aegon Seguros de Vida y Salud\" \/>\n<meta property=\"og:description\" content=\"La compa\u00f1\u00eda aseguradora ampl\u00eda su gama de vida-riesgo con el nuevo producto de Incapacidad Temporal para Aut\u00f3nomos (ITA), un producto dise\u00f1ado para peque\u00f1as empresas y profesionales liberales que les ayuda a proteger su nivel de vida y afrontar los cambios econ\u00f3micos y personales con tranquilidad. Con este lanzamiento, la aseguradora refuerza su apuesta por el [&hellip;]\" \/>\n<meta property=\"og:url\" content=\"https:\/\/www.segurosaegon.com\/canalmediadores\/2025\/11\/15\/aegon-lanza-un-nuevo-seguro-de-incapacidad-temporal-reforzando-asi-su-ramo-de-vida-riesgo\/\" \/>\n<meta property=\"og:site_name\" content=\"Canal Mediadores - Aegon Seguros de Vida y Salud\" \/>\n<meta property=\"article:published_time\" content=\"2025-11-15T07:00:00+00:00\" \/>\n<meta property=\"og:image\" content=\"https:\/\/www.segurosaegon.com\/canalmediadores\/wp-content\/uploads\/sites\/40\/2025\/10\/20240412_CD_accidentehombre-scaled.avif\" \/>\n\t<meta property=\"og:image:width\" content=\"2560\" \/>\n\t<meta property=\"og:image:height\" content=\"1707\" \/>\n\t<meta property=\"og:image:type\" content=\"image\/jpeg\" \/>\n<meta name=\"twitter:card\" content=\"summary_large_image\" \/>\n<meta name=\"twitter:label1\" content=\"Tiempo de lectura\" \/>\n\t<meta name=\"twitter:data1\" content=\"3 minutos\" \/>\n<script type=\"application\/ld+json\" class=\"yoast-schema-graph\">{\"@context\":\"https:\\\/\\\/schema.org\",\"@graph\":[{\"@type\":\"Article\",\"@id\":\"https:\\\/\\\/www.segurosaegon.com\\\/canalmediadores\\\/2025\\\/11\\\/15\\\/aegon-lanza-un-nuevo-seguro-de-incapacidad-temporal-reforzando-asi-su-ramo-de-vida-riesgo\\\/#article\",\"isPartOf\":{\"@id\":\"https:\\\/\\\/www.segurosaegon.com\\\/canalmediadores\\\/2025\\\/11\\\/15\\\/aegon-lanza-un-nuevo-seguro-de-incapacidad-temporal-reforzando-asi-su-ramo-de-vida-riesgo\\\/\"},\"author\":{\"name\":\"\",\"@id\":\"\"},\"headline\":\"Aegon lanza un nuevo seguro de Incapacidad Temporal reforzando as\u00ed su ramo de vida-riesgoo\",\"datePublished\":\"2025-11-15T07:00:00+00:00\",\"mainEntityOfPage\":{\"@id\":\"https:\\\/\\\/www.segurosaegon.com\\\/canalmediadores\\\/2025\\\/11\\\/15\\\/aegon-lanza-un-nuevo-seguro-de-incapacidad-temporal-reforzando-asi-su-ramo-de-vida-riesgo\\\/\"},\"wordCount\":586,\"commentCount\":0,\"publisher\":{\"@id\":\"https:\\\/\\\/www.segurosaegon.com\\\/canalmediadores\\\/#organization\"},\"image\":{\"@id\":\"https:\\\/\\\/www.segurosaegon.com\\\/canalmediadores\\\/2025\\\/11\\\/15\\\/aegon-lanza-un-nuevo-seguro-de-incapacidad-temporal-reforzando-asi-su-ramo-de-vida-riesgo\\\/#primaryimage\"},\"thumbnailUrl\":\"https:\\\/\\\/www.segurosaegon.com\\\/canalmediadores\\\/wp-content\\\/uploads\\\/sites\\\/40\\\/2025\\\/10\\\/20240412_CD_accidentehombre-scaled.avif\",\"inLanguage\":\"es\",\"potentialAction\":[{\"@type\":\"CommentAction\",\"name\":\"Comment\",\"target\":[\"https:\\\/\\\/www.segurosaegon.com\\\/canalmediadores\\\/2025\\\/11\\\/15\\\/aegon-lanza-un-nuevo-seguro-de-incapacidad-temporal-reforzando-asi-su-ramo-de-vida-riesgo\\\/#respond\"]}]},{\"@type\":\"WebPage\",\"@id\":\"https:\\\/\\\/www.segurosaegon.com\\\/canalmediadores\\\/2025\\\/11\\\/15\\\/aegon-lanza-un-nuevo-seguro-de-incapacidad-temporal-reforzando-asi-su-ramo-de-vida-riesgo\\\/\",\"url\":\"https:\\\/\\\/www.segurosaegon.com\\\/canalmediadores\\\/2025\\\/11\\\/15\\\/aegon-lanza-un-nuevo-seguro-de-incapacidad-temporal-reforzando-asi-su-ramo-de-vida-riesgo\\\/\",\"name\":\"Aegon lanza un nuevo seguro de Incapacidad Temporal reforzando as\u00ed su ramo de vida-riesgoo - Canal Mediadores - Aegon Seguros de Vida y Salud\",\"isPartOf\":{\"@id\":\"https:\\\/\\\/www.segurosaegon.com\\\/canalmediadores\\\/#website\"},\"primaryImageOfPage\":{\"@id\":\"https:\\\/\\\/www.segurosaegon.com\\\/canalmediadores\\\/2025\\\/11\\\/15\\\/aegon-lanza-un-nuevo-seguro-de-incapacidad-temporal-reforzando-asi-su-ramo-de-vida-riesgo\\\/#primaryimage\"},\"image\":{\"@id\":\"https:\\\/\\\/www.segurosaegon.com\\\/canalmediadores\\\/2025\\\/11\\\/15\\\/aegon-lanza-un-nuevo-seguro-de-incapacidad-temporal-reforzando-asi-su-ramo-de-vida-riesgo\\\/#primaryimage\"},\"thumbnailUrl\":\"https:\\\/\\\/www.segurosaegon.com\\\/canalmediadores\\\/wp-content\\\/uploads\\\/sites\\\/40\\\/2025\\\/10\\\/20240412_CD_accidentehombre-scaled.avif\",\"datePublished\":\"2025-11-15T07:00:00+00:00\",\"breadcrumb\":{\"@id\":\"https:\\\/\\\/www.segurosaegon.com\\\/canalmediadores\\\/2025\\\/11\\\/15\\\/aegon-lanza-un-nuevo-seguro-de-incapacidad-temporal-reforzando-asi-su-ramo-de-vida-riesgo\\\/#breadcrumb\"},\"inLanguage\":\"es\",\"potentialAction\":[{\"@type\":\"ReadAction\",\"target\":[\"https:\\\/\\\/www.segurosaegon.com\\\/canalmediadores\\\/2025\\\/11\\\/15\\\/aegon-lanza-un-nuevo-seguro-de-incapacidad-temporal-reforzando-asi-su-ramo-de-vida-riesgo\\\/\"]}]},{\"@type\":\"ImageObject\",\"inLanguage\":\"es\",\"@id\":\"https:\\\/\\\/www.segurosaegon.com\\\/canalmediadores\\\/2025\\\/11\\\/15\\\/aegon-lanza-un-nuevo-seguro-de-incapacidad-temporal-reforzando-asi-su-ramo-de-vida-riesgo\\\/#primaryimage\",\"url\":\"https:\\\/\\\/www.segurosaegon.com\\\/canalmediadores\\\/wp-content\\\/uploads\\\/sites\\\/40\\\/2025\\\/10\\\/20240412_CD_accidentehombre-scaled.avif\",\"contentUrl\":\"https:\\\/\\\/www.segurosaegon.com\\\/canalmediadores\\\/wp-content\\\/uploads\\\/sites\\\/40\\\/2025\\\/10\\\/20240412_CD_accidentehombre-scaled.avif\",\"width\":2560,\"height\":1707,\"caption\":\"Pleased mature man wearing checkered shirt sitting with broken leg on sofa in living room at home and using smart phone.\"},{\"@type\":\"BreadcrumbList\",\"@id\":\"https:\\\/\\\/www.segurosaegon.com\\\/canalmediadores\\\/2025\\\/11\\\/15\\\/aegon-lanza-un-nuevo-seguro-de-incapacidad-temporal-reforzando-asi-su-ramo-de-vida-riesgo\\\/#breadcrumb\",\"itemListElement\":[{\"@type\":\"ListItem\",\"position\":1,\"name\":\"Portada\",\"item\":\"https:\\\/\\\/www.segurosaegon.com\\\/canalmediadores\\\/\"},{\"@type\":\"ListItem\",\"position\":2,\"name\":\"Aegon lanza un nuevo seguro de Incapacidad Temporal reforzando as\u00ed su ramo de vida-riesgoo\"}]},{\"@type\":\"WebSite\",\"@id\":\"https:\\\/\\\/www.segurosaegon.com\\\/canalmediadores\\\/#website\",\"url\":\"https:\\\/\\\/www.segurosaegon.com\\\/canalmediadores\\\/\",\"name\":\"Canal Mediadores - Aegon Seguros de Vida y Salud\",\"description\":\"\",\"publisher\":{\"@id\":\"https:\\\/\\\/www.segurosaegon.com\\\/canalmediadores\\\/#organization\"},\"potentialAction\":[{\"@type\":\"SearchAction\",\"target\":{\"@type\":\"EntryPoint\",\"urlTemplate\":\"https:\\\/\\\/www.segurosaegon.com\\\/canalmediadores\\\/?s={search_term_string}\"},\"query-input\":{\"@type\":\"PropertyValueSpecification\",\"valueRequired\":true,\"valueName\":\"search_term_string\"}}],\"inLanguage\":\"es\"},{\"@type\":\"Organization\",\"@id\":\"https:\\\/\\\/www.segurosaegon.com\\\/canalmediadores\\\/#organization\",\"name\":\"Canal Mediadores - Aegon Seguros de Vida y Salud\",\"url\":\"https:\\\/\\\/www.segurosaegon.com\\\/canalmediadores\\\/\",\"logo\":{\"@type\":\"ImageObject\",\"inLanguage\":\"es\",\"@id\":\"https:\\\/\\\/www.segurosaegon.com\\\/canalmediadores\\\/#\\\/schema\\\/logo\\\/image\\\/\",\"url\":\"https:\\\/\\\/www.segurosaegon.com\\\/canalmediadores\\\/wp-content\\\/uploads\\\/sites\\\/40\\\/2024\\\/06\\\/Aegon_Logo_2024_PEQv2.png\",\"contentUrl\":\"https:\\\/\\\/www.segurosaegon.com\\\/canalmediadores\\\/wp-content\\\/uploads\\\/sites\\\/40\\\/2024\\\/06\\\/Aegon_Logo_2024_PEQv2.png\",\"width\":147,\"height\":39,\"caption\":\"Canal Mediadores - Aegon Seguros de Vida y Salud\"},\"image\":{\"@id\":\"https:\\\/\\\/www.segurosaegon.com\\\/canalmediadores\\\/#\\\/schema\\\/logo\\\/image\\\/\"}}]}<\/script>\n<!-- \/ Yoast SEO plugin. -->","yoast_head_json":{"title":"Aegon lanza un nuevo seguro de Incapacidad Temporal reforzando as\u00ed su ramo de vida-riesgoo - Canal Mediadores - Aegon Seguros de Vida y Salud","robots":{"index":"index","follow":"follow","max-snippet":"max-snippet:-1","max-image-preview":"max-image-preview:large","max-video-preview":"max-video-preview:-1"},"canonical":"https:\/\/www.segurosaegon.com\/canalmediadores\/2025\/11\/15\/aegon-lanza-un-nuevo-seguro-de-incapacidad-temporal-reforzando-asi-su-ramo-de-vida-riesgo\/","og_locale":"es_ES","og_type":"article","og_title":"Aegon lanza un nuevo seguro de Incapacidad Temporal reforzando as\u00ed su ramo de vida-riesgoo - Canal Mediadores - Aegon Seguros de Vida y Salud","og_description":"La compa\u00f1\u00eda aseguradora ampl\u00eda su gama de vida-riesgo con el nuevo producto de Incapacidad Temporal para Aut\u00f3nomos (ITA), un producto dise\u00f1ado para peque\u00f1as empresas y profesionales liberales que les ayuda a proteger su nivel de vida y afrontar los cambios econ\u00f3micos y personales con tranquilidad. Con este lanzamiento, la aseguradora refuerza su apuesta por el [&hellip;]","og_url":"https:\/\/www.segurosaegon.com\/canalmediadores\/2025\/11\/15\/aegon-lanza-un-nuevo-seguro-de-incapacidad-temporal-reforzando-asi-su-ramo-de-vida-riesgo\/","og_site_name":"Canal Mediadores - Aegon Seguros de Vida y Salud","article_published_time":"2025-11-15T07:00:00+00:00","og_image":[{"width":2560,"height":1707,"url":"https:\/\/www.segurosaegon.com\/canalmediadores\/wp-content\/uploads\/sites\/40\/2025\/10\/20240412_CD_accidentehombre-scaled.avif","type":"image\/jpeg"}],"twitter_card":"summary_large_image","twitter_misc":{"Tiempo de lectura":"3 minutos"},"schema":{"@context":"https:\/\/schema.org","@graph":[{"@type":"Article","@id":"https:\/\/www.segurosaegon.com\/canalmediadores\/2025\/11\/15\/aegon-lanza-un-nuevo-seguro-de-incapacidad-temporal-reforzando-asi-su-ramo-de-vida-riesgo\/#article","isPartOf":{"@id":"https:\/\/www.segurosaegon.com\/canalmediadores\/2025\/11\/15\/aegon-lanza-un-nuevo-seguro-de-incapacidad-temporal-reforzando-asi-su-ramo-de-vida-riesgo\/"},"author":{"name":"","@id":""},"headline":"Aegon lanza un nuevo seguro de Incapacidad Temporal reforzando as\u00ed su ramo de vida-riesgoo","datePublished":"2025-11-15T07:00:00+00:00","mainEntityOfPage":{"@id":"https:\/\/www.segurosaegon.com\/canalmediadores\/2025\/11\/15\/aegon-lanza-un-nuevo-seguro-de-incapacidad-temporal-reforzando-asi-su-ramo-de-vida-riesgo\/"},"wordCount":586,"commentCount":0,"publisher":{"@id":"https:\/\/www.segurosaegon.com\/canalmediadores\/#organization"},"image":{"@id":"https:\/\/www.segurosaegon.com\/canalmediadores\/2025\/11\/15\/aegon-lanza-un-nuevo-seguro-de-incapacidad-temporal-reforzando-asi-su-ramo-de-vida-riesgo\/#primaryimage"},"thumbnailUrl":"https:\/\/www.segurosaegon.com\/canalmediadores\/wp-content\/uploads\/sites\/40\/2025\/10\/20240412_CD_accidentehombre-scaled.avif","inLanguage":"es","potentialAction":[{"@type":"CommentAction","name":"Comment","target":["https:\/\/www.segurosaegon.com\/canalmediadores\/2025\/11\/15\/aegon-lanza-un-nuevo-seguro-de-incapacidad-temporal-reforzando-asi-su-ramo-de-vida-riesgo\/#respond"]}]},{"@type":"WebPage","@id":"https:\/\/www.segurosaegon.com\/canalmediadores\/2025\/11\/15\/aegon-lanza-un-nuevo-seguro-de-incapacidad-temporal-reforzando-asi-su-ramo-de-vida-riesgo\/","url":"https:\/\/www.segurosaegon.com\/canalmediadores\/2025\/11\/15\/aegon-lanza-un-nuevo-seguro-de-incapacidad-temporal-reforzando-asi-su-ramo-de-vida-riesgo\/","name":"Aegon lanza un nuevo seguro de Incapacidad Temporal reforzando as\u00ed su ramo de vida-riesgoo - Canal Mediadores - Aegon Seguros de Vida y Salud","isPartOf":{"@id":"https:\/\/www.segurosaegon.com\/canalmediadores\/#website"},"primaryImageOfPage":{"@id":"https:\/\/www.segurosaegon.com\/canalmediadores\/2025\/11\/15\/aegon-lanza-un-nuevo-seguro-de-incapacidad-temporal-reforzando-asi-su-ramo-de-vida-riesgo\/#primaryimage"},"image":{"@id":"https:\/\/www.segurosaegon.com\/canalmediadores\/2025\/11\/15\/aegon-lanza-un-nuevo-seguro-de-incapacidad-temporal-reforzando-asi-su-ramo-de-vida-riesgo\/#primaryimage"},"thumbnailUrl":"https:\/\/www.segurosaegon.com\/canalmediadores\/wp-content\/uploads\/sites\/40\/2025\/10\/20240412_CD_accidentehombre-scaled.avif","datePublished":"2025-11-15T07:00:00+00:00","breadcrumb":{"@id":"https:\/\/www.segurosaegon.com\/canalmediadores\/2025\/11\/15\/aegon-lanza-un-nuevo-seguro-de-incapacidad-temporal-reforzando-asi-su-ramo-de-vida-riesgo\/#breadcrumb"},"inLanguage":"es","potentialAction":[{"@type":"ReadAction","target":["https:\/\/www.segurosaegon.com\/canalmediadores\/2025\/11\/15\/aegon-lanza-un-nuevo-seguro-de-incapacidad-temporal-reforzando-asi-su-ramo-de-vida-riesgo\/"]}]},{"@type":"ImageObject","inLanguage":"es","@id":"https:\/\/www.segurosaegon.com\/canalmediadores\/2025\/11\/15\/aegon-lanza-un-nuevo-seguro-de-incapacidad-temporal-reforzando-asi-su-ramo-de-vida-riesgo\/#primaryimage","url":"https:\/\/www.segurosaegon.com\/canalmediadores\/wp-content\/uploads\/sites\/40\/2025\/10\/20240412_CD_accidentehombre-scaled.avif","contentUrl":"https:\/\/www.segurosaegon.com\/canalmediadores\/wp-content\/uploads\/sites\/40\/2025\/10\/20240412_CD_accidentehombre-scaled.avif","width":2560,"height":1707,"caption":"Pleased mature man wearing checkered shirt sitting with broken leg on sofa in living room at home and using smart phone."},{"@type":"BreadcrumbList","@id":"https:\/\/www.segurosaegon.com\/canalmediadores\/2025\/11\/15\/aegon-lanza-un-nuevo-seguro-de-incapacidad-temporal-reforzando-asi-su-ramo-de-vida-riesgo\/#breadcrumb","itemListElement":[{"@type":"ListItem","position":1,"name":"Portada","item":"https:\/\/www.segurosaegon.com\/canalmediadores\/"},{"@type":"ListItem","position":2,"name":"Aegon lanza un nuevo seguro de Incapacidad Temporal reforzando as\u00ed su ramo de vida-riesgoo"}]},{"@type":"WebSite","@id":"https:\/\/www.segurosaegon.com\/canalmediadores\/#website","url":"https:\/\/www.segurosaegon.com\/canalmediadores\/","name":"Canal Mediadores - Aegon Seguros de Vida y Salud","description":"","publisher":{"@id":"https:\/\/www.segurosaegon.com\/canalmediadores\/#organization"},"potentialAction":[{"@type":"SearchAction","target":{"@type":"EntryPoint","urlTemplate":"https:\/\/www.segurosaegon.com\/canalmediadores\/?s={search_term_string}"},"query-input":{"@type":"PropertyValueSpecification","valueRequired":true,"valueName":"search_term_string"}}],"inLanguage":"es"},{"@type":"Organization","@id":"https:\/\/www.segurosaegon.com\/canalmediadores\/#organization","name":"Canal Mediadores - Aegon Seguros de Vida y Salud","url":"https:\/\/www.segurosaegon.com\/canalmediadores\/","logo":{"@type":"ImageObject","inLanguage":"es","@id":"https:\/\/www.segurosaegon.com\/canalmediadores\/#\/schema\/logo\/image\/","url":"https:\/\/www.segurosaegon.com\/canalmediadores\/wp-content\/uploads\/sites\/40\/2024\/06\/Aegon_Logo_2024_PEQv2.png","contentUrl":"https:\/\/www.segurosaegon.com\/canalmediadores\/wp-content\/uploads\/sites\/40\/2024\/06\/Aegon_Logo_2024_PEQv2.png","width":147,"height":39,"caption":"Canal Mediadores - Aegon Seguros de Vida y Salud"},"image":{"@id":"https:\/\/www.segurosaegon.com\/canalmediadores\/#\/schema\/logo\/image\/"}}]}},"_links":{"self":[{"href":"https:\/\/www.segurosaegon.com\/canalmediadores\/wp-json\/wp\/v2\/posts\/5985","targetHints":{"allow":["GET"]}}],"collection":[{"href":"https:\/\/www.segurosaegon.com\/canalmediadores\/wp-json\/wp\/v2\/posts"}],"about":[{"href":"https:\/\/www.segurosaegon.com\/canalmediadores\/wp-json\/wp\/v2\/types\/post"}],"replies":[{"embeddable":true,"href":"https:\/\/www.segurosaegon.com\/canalmediadores\/wp-json\/wp\/v2\/comments?post=5985"}],"version-history":[{"count":2,"href":"https:\/\/www.segurosaegon.com\/canalmediadores\/wp-json\/wp\/v2\/posts\/5985\/revisions"}],"predecessor-version":[{"id":5991,"href":"https:\/\/www.segurosaegon.com\/canalmediadores\/wp-json\/wp\/v2\/posts\/5985\/revisions\/5991"}],"wp:featuredmedia":[{"embeddable":true,"href":"https:\/\/www.segurosaegon.com\/canalmediadores\/wp-json\/wp\/v2\/media\/5986"}],"wp:attachment":[{"href":"https:\/\/www.segurosaegon.com\/canalmediadores\/wp-json\/wp\/v2\/media?parent=5985"}],"wp:term":[{"taxonomy":"category","embeddable":true,"href":"https:\/\/www.segurosaegon.com\/canalmediadores\/wp-json\/wp\/v2\/categories?post=5985"},{"taxonomy":"post_tag","embeddable":true,"href":"https:\/\/www.segurosaegon.com\/canalmediadores\/wp-json\/wp\/v2\/tags?post=5985"}],"curies":[{"name":"wp","href":"https:\/\/api.w.org\/{rel}","templated":true}]}}