{"id":5988,"date":"2025-11-15T08:00:00","date_gmt":"2025-11-15T07:00:00","guid":{"rendered":"https:\/\/www.segurosaegon.com\/canalmediadores\/?p=5988"},"modified":"2025-10-22T10:34:45","modified_gmt":"2025-10-22T08:34:45","slug":"entrevista-a-julian-vallejo-director-de-operaciones-de-aegon-en-espana","status":"publish","type":"post","link":"https:\/\/www.segurosaegon.com\/canalmediadores\/2025\/11\/15\/entrevista-a-julian-vallejo-director-de-operaciones-de-aegon-en-espana\/","title":{"rendered":"Entrevista a Juli\u00e1n Vallejo, director de Operaciones de Aegon en Espa\u00f1a"},"content":{"rendered":"\n<p class=\"has-custom-warm-black-color has-text-color has-link-color has-forever-forma-body-text-font-family wp-elements-997966c51cecf17e62f051a526a03ba6\" style=\"font-size:clamp(14px, 0.875rem + ((1vw - 3.2px) * 0.341), 17px);line-height:1.2\">Hablamos con Juli\u00e1n Vallejo, director de Operaciones de Aegon en Espa\u00f1a, sobre la modernizaci\u00f3n de los procesos de gesti\u00f3n para la mediaci\u00f3n y la apuesta de la compa\u00f1\u00eda por iniciativas como el PUC o el SAM. En esta entrevista abordamos c\u00f3mo Aegon refuerza su compromiso con la cercan\u00eda y la eficiencia bajo su lema \u201cpersonas que cuidan de personas\u201d.<\/p>\n\n\n\n<h2 class=\"wp-block-heading has-custom-warm-black-color has-text-color has-link-color has-forever-forma-heading-font-family wp-elements-2c5ef12eb72fb0397d3403cea7f8fcc2\" style=\"padding-top:20px;font-size:clamp(16.293px, 1.018rem + ((1vw - 3.2px) * 0.989), 25px);font-style:normal;font-weight:700\">La mediaci\u00f3n es un pilar fundamental en el sector asegurador. \u00bfC\u00f3mo se est\u00e1 gestionando desde el \u00e1rea de Operaciones de Aegon para adaptarse a las nuevas demandas?<\/h2>\n\n\n\n<p class=\"has-custom-warm-black-color has-text-color has-link-color has-forever-forma-body-text-font-family wp-elements-7400f42bb5b83c2d98513a7112199a77\" style=\"font-size:clamp(14px, 0.875rem + ((1vw - 3.2px) * 0.341), 17px);line-height:1.2\">En la direcci\u00f3n de Operaciones apostamos por la cercan\u00eda con el corredor, siendo sus ojos y sus manos en la compa\u00f1\u00eda para todos los temas que no son puramente comerciales. Nuestro objetivo es construir una relaci\u00f3n a largo plazo con quienes colaboran con nosotros. Esto nos est\u00e1 llevando a transformar nuestros servicios de atenci\u00f3n, bas\u00e1ndolos en la especializaci\u00f3n, cercan\u00eda y aprendizaje continuo.<\/p>\n\n\n\n<h2 class=\"wp-block-heading has-custom-warm-black-color has-text-color has-link-color has-forever-forma-heading-font-family wp-elements-1724c2e85008e321a81ebd16788d4995\" style=\"padding-top:20px;font-size:clamp(16.293px, 1.018rem + ((1vw - 3.2px) * 0.989), 25px);font-style:normal;font-weight:700\">\u00bfPodr\u00edamos decir que Aegon est\u00e1 modernizando sus procesos de gesti\u00f3n para la mediaci\u00f3n con un enfoque centrado en la cercan\u00eda?<\/h2>\n\n\n\n<p class=\"has-custom-warm-black-color has-text-color has-link-color has-forever-forma-body-text-font-family wp-elements-908f4079ab97095e641430de48c56b7a\" style=\"font-size:clamp(14px, 0.875rem + ((1vw - 3.2px) * 0.341), 17px);line-height:1.2\">Sin duda, nuestra principal apuesta reside en ofrecer un servicio basado en la cercan\u00eda y la agilidad en la respuesta. Hemos evolucionado, dejando atr\u00e1s modelos basados en la externalizaci\u00f3n de los servicios de atenci\u00f3n al mediador, lo que nos ha llevado a contar con un equipo interno dedicado. Esta decisi\u00f3n refuerza nuestro compromiso con un trato personalizado, profesional y eficiente en cada interacci\u00f3n con ellos, y fortalece nuestro mensaje de que en Aegon, somos personas que cuidan de personas.<\/p>\n\n\n\n<h2 class=\"wp-block-heading has-custom-warm-black-color has-text-color has-link-color has-forever-forma-heading-font-family wp-elements-367a33038ed7ef2a865b2ef2868e3eb5\" style=\"padding-top:20px;font-size:clamp(16.293px, 1.018rem + ((1vw - 3.2px) * 0.989), 25px);font-style:normal;font-weight:700\">Uno de los avances que se han implementado es el modelo de Persona \u00danica de Contacto (PUC). \u00bfEn qu\u00e9 consiste exactamente este sistema? \u00bfQu\u00e9 beneficios concretos aporta a los corredores contar siempre con la misma persona de referencia?<\/h2>\n\n\n\n<p class=\"has-custom-warm-black-color has-text-color has-link-color has-forever-forma-body-text-font-family wp-elements-82ef15c9d0a2bb364f593b6eac8fd08c\" style=\"font-size:clamp(14px, 0.875rem + ((1vw - 3.2px) * 0.341), 17px);line-height:1.2\">PUC es un servicio dise\u00f1ado para corredores socios que garantiza una persona \u00fanica de referencia en Aegon. Es decir, cada vez que un corredor necesite una gesti\u00f3n administrativa de Aegon hablar\u00e1 siempre con la misma persona. Sabemos que poner cara y voz persona que te atiende aporta al corredor mucha agilidad, cercan\u00eda y confianza. Todo esto es posible gracias a que el equipo est\u00e1 formado por profesionales con profundo conocimiento de los procesos internos y comprometidos con altos est\u00e1ndares de resoluci\u00f3n y calidad.<\/p>\n\n\n\n<h2 class=\"wp-block-heading has-custom-warm-black-color has-text-color has-link-color has-forever-forma-heading-font-family wp-elements-75fbce5859952c3af274475fbbbd4192\" style=\"padding-top:20px;font-size:clamp(16.293px, 1.018rem + ((1vw - 3.2px) * 0.989), 25px);font-style:normal;font-weight:700\">\u00bfSe ha podido ver resultados medibles desde la puesta en marcha del PUC?<\/h2>\n\n\n\n<p class=\"has-custom-warm-black-color has-text-color has-link-color has-forever-forma-body-text-font-family wp-elements-cbff2692a6a20994cf4dd5509c4db11e\" style=\"font-size:clamp(14px, 0.875rem + ((1vw - 3.2px) * 0.341), 17px);line-height:1.2\">S\u00ed, hemos consolidado el servicio mejorando indicadores clave como respuesta en primera llamada, cumpliendo los SLAs comprometidos, una informaci\u00f3n que, desde una relaci\u00f3n de transparencia, compartimos con nuestros corredores Estos nos ha permitido ampliar nuestra cartera gracias a acuerdos personalizados a las necesidades de cada uno de ellos.<\/p>\n\n\n\n<h2 class=\"wp-block-heading has-custom-warm-black-color has-text-color has-link-color has-forever-forma-heading-font-family wp-elements-157094d58a20678e3ecfbee8cb458a99\" style=\"padding-top:20px;font-size:clamp(16.293px, 1.018rem + ((1vw - 3.2px) * 0.989), 25px);font-style:normal;font-weight:700\">\u00bfQu\u00e9 papel juega el NPS como medidor de calidad en estas gestiones y qu\u00e9 resultados est\u00e1n obteniendo actualmente?<\/h2>\n\n\n\n<p class=\"has-custom-warm-black-color has-text-color has-link-color has-forever-forma-body-text-font-family wp-elements-8228771bee9a8cb17a9e77513d7a7a08\" style=\"font-size:clamp(14px, 0.875rem + ((1vw - 3.2px) * 0.341), 17px);line-height:1.2\">Es un indicador muy relevante, tanto que lo medimos en cada interacci\u00f3n y lo completamos con la satisfacci\u00f3n y soluci\u00f3n ofrecida por el gestor para tener pulso de la calidad global de nuestro servicio. Los \u00faltimos 12 meses arrojan nuestro mejor resultado hist\u00f3rico, situ\u00e1ndonos en un NPS de 97.<\/p>\n\n\n\n<h2 class=\"wp-block-heading has-custom-warm-black-color has-text-color has-link-color has-forever-forma-heading-font-family wp-elements-f10dcb0d3b5d322b0f4f8f43b2b12b93\" style=\"padding-top:20px;font-size:clamp(16.293px, 1.018rem + ((1vw - 3.2px) * 0.989), 25px);font-style:normal;font-weight:700\">Otra de las iniciativas clave es el Servicio de Atenci\u00f3n al Mediador (SAM). \u00bfPodr\u00edas explicarnos en qu\u00e9 consiste y c\u00f3mo se diferencia de otros modelos de atenci\u00f3n?<\/h2>\n\n\n\n<p class=\"has-custom-warm-black-color has-text-color has-link-color has-forever-forma-body-text-font-family wp-elements-f292c30ee51cb2326c89db43b6462c6f\" style=\"font-size:clamp(14px, 0.875rem + ((1vw - 3.2px) * 0.341), 17px);line-height:1.2\">SAM es un modelo de atenci\u00f3n al mediador en el que un grupo de gestores atiende todas las cuestiones que necesita. Gracias a una gesti\u00f3n centrada en el bienestar y el desarrollo de los equipos, logramos consolidar su experiencia y el conocimiento de los procesos. Esto nos permite resolver eficazmente las necesidades del cliente en el primer contacto.<\/p>\n\n\n\n<h2 class=\"wp-block-heading has-custom-warm-black-color has-text-color has-link-color has-forever-forma-heading-font-family wp-elements-10fe8bbcc6ff269beed73308439cbe29\" style=\"padding-top:20px;font-size:clamp(16.293px, 1.018rem + ((1vw - 3.2px) * 0.989), 25px);font-style:normal;font-weight:700\">\u00bfQu\u00e9 beneficios aporta directamente el SAM al trabajo del corredor y, en consecuencia, a la experiencia final del cliente?<\/h2>\n\n\n\n<p class=\"has-custom-warm-black-color has-text-color has-link-color has-forever-forma-body-text-font-family wp-elements-64b5b3d73fb2693a3273364741cfb3d4\" style=\"font-size:clamp(14px, 0.875rem + ((1vw - 3.2px) * 0.341), 17px);line-height:1.2\">Sobre todo, agilidad, servicio y respuesta finalista, cuando un corredor contacta con Aegon tiene a un cliente detr\u00e1s esperando una respuesta r\u00e1pida y satisfactoria. El servicio de atenci\u00f3n al corredor de Aegon resuelve en primer contacto el 75% de las gestiones, siendo escaladas el 25% restante a un nivel m\u00e1s especialista que directamente responde al mediador sin intermediarios.<\/p>\n\n\n\n<h2 class=\"wp-block-heading has-custom-warm-black-color has-text-color has-link-color has-forever-forma-heading-font-family wp-elements-3f5bf64725a2d082ab4919631c446c12\" style=\"padding-top:20px;font-size:clamp(16.293px, 1.018rem + ((1vw - 3.2px) * 0.989), 25px);font-style:normal;font-weight:700\">Aegon ha recibido por s\u00e9ptimo a\u00f1o consecutivo el premio al mejor Servicio de Atenci\u00f3n al Cliente en el ramo salud y por quinto a\u00f1o consecutivo en el ramo de vida. \u00bfQu\u00e9 significa estos reconocimientos para el \u00e1rea de Operaciones?, \u00bfC\u00f3mo se traducen estos premios en su d\u00eda a d\u00eda y en la forma de trabajar con mediadores y clientes?<\/h2>\n\n\n\n<p class=\"has-custom-warm-black-color has-text-color has-link-color has-forever-forma-body-text-font-family wp-elements-8b0997dc27549784899aa2d1990f8a7b\" style=\"font-size:clamp(14px, 0.875rem + ((1vw - 3.2px) * 0.341), 17px);line-height:1.2\">El d\u00eda 7 de octubre recibimos dos galardones donde se reconoce nuestra labor de l\u00edderes en servicio de atenci\u00f3n al cliente en las categor\u00edas de seguros de salud y vida. Ya tenemos 12 y estamos muy satisfechos porque es el reconocimiento a nuestro esfuerzo diario y a la filosof\u00eda de la que bebemos, en la que el cliente est\u00e1 presente en todo momento. Cuando un cliente nos contacta, queremos que se sienta bien cuidado y tranquilo con el servicio de Aegon. Estos premios nos ayudan a seguir escuchando las necesidades de nuestros clientes para enfocarnos en seguir mejorando.<\/p>\n\n\n\n<h2 class=\"wp-block-heading has-custom-warm-black-color has-text-color has-link-color has-forever-forma-heading-font-family wp-elements-1082335f1e046ee1f32f5bdfd3512ffa\" style=\"padding-top:20px;font-size:clamp(16.293px, 1.018rem + ((1vw - 3.2px) * 0.989), 25px);font-style:normal;font-weight:700\">El lema de Aegon es \u201cpersonas que cuidan de personas\u201d. \u00bfC\u00f3mo se refleja esa filosof\u00eda en la gesti\u00f3n operativa y en el trato con los mediadores?<\/h2>\n\n\n\n<p class=\"has-custom-warm-black-color has-text-color has-link-color has-forever-forma-body-text-font-family wp-elements-4e1daa26a51cb9d841f0cafb6be32c71\" style=\"font-size:clamp(14px, 0.875rem + ((1vw - 3.2px) * 0.341), 17px);line-height:1.2\">Para nosotros es fundamental cuidar y cuidarnos. Revisamos nuestros procesos continuamente para mejorarlos y eficientarlos en base al feedback directo de nuestros clientes y mediadores. Tenemos un trato muy cercano con los corredores socios, si uno tiene un problema puede llamar a cualquiera de los responsables del \u00e1rea de Operaciones para activar la b\u00fasqueda de una soluci\u00f3n. Adem\u00e1s, les contamos nuestros planes estrat\u00e9gicos para que tengan visi\u00f3n de hacia d\u00f3nde vamos y revisar si est\u00e1n alineados con nuestra estrategia.<\/p>\n\n\n\n<h2 class=\"wp-block-heading has-custom-warm-black-color has-text-color has-link-color has-forever-forma-heading-font-family wp-elements-19b0966b6652f58ac6a32036170cca77\" style=\"padding-top:20px;font-size:clamp(16.293px, 1.018rem + ((1vw - 3.2px) * 0.989), 25px);font-style:normal;font-weight:700\">De cara a los pr\u00f3ximos a\u00f1os, \u00bfqu\u00e9 planes o innovaciones tiene el \u00e1rea de Operaciones de Aegon para seguir fortaleciendo la mediaci\u00f3n?<\/h2>\n\n\n\n<p class=\"has-custom-warm-black-color has-text-color has-link-color has-forever-forma-body-text-font-family wp-elements-1ee1a40c93df0937d45d7c872238ce27\" style=\"font-size:clamp(14px, 0.875rem + ((1vw - 3.2px) * 0.341), 17px);line-height:1.2\">Nuestra aspiraci\u00f3n es que los mediadores que trabajan con nosotros nos perciban como un aliado estrat\u00e9gico y, para ello, seguiremos trabajando en ofrecer servicios diferenciales que nos permitan seguir avanzando en una mayor autonom\u00eda de nuestros equipos en los procesos m\u00e1s sensibles para corredores y clientes. En el caso de PUC, es imprescindible que sea el corredor quien elija las interacciones en las que quiere intervenir, y liberarles de las que podemos resolver directamente en Aegon. Adem\u00e1s, estamos comprometidos en acompa\u00f1ar a los corredores en los retos que trae la digitalizaci\u00f3n facilitando herramientas y soluciones innovadoras que les aporten valor.<\/p>\n","protected":false},"excerpt":{"rendered":"<p>Hablamos con Juli\u00e1n Vallejo, director de Operaciones de Aegon en Espa\u00f1a, sobre la modernizaci\u00f3n de los procesos de gesti\u00f3n para la mediaci\u00f3n y la apuesta de la compa\u00f1\u00eda por iniciativas como el PUC o el SAM. En esta entrevista abordamos c\u00f3mo Aegon refuerza su compromiso con la cercan\u00eda y la eficiencia bajo su lema \u201cpersonas [&hellip;]<\/p>\n","protected":false},"author":0,"featured_media":5989,"comment_status":"open","ping_status":"open","sticky":false,"template":"","format":"standard","meta":{"footnotes":""},"categories":[1],"tags":[],"class_list":["post-5988","post","type-post","status-publish","format-standard","has-post-thumbnail","hentry","category-sin-categoria"],"yoast_head":"<!-- This site is optimized with the Yoast SEO plugin v27.4 - https:\/\/yoast.com\/product\/yoast-seo-wordpress\/ -->\n<title>Entrevista a Juli\u00e1n Vallejo, director de Operaciones de Aegon en Espa\u00f1a - Canal Mediadores - Aegon Seguros de Vida y Salud<\/title>\n<meta name=\"robots\" content=\"index, follow, max-snippet:-1, max-image-preview:large, max-video-preview:-1\" \/>\n<link rel=\"canonical\" href=\"https:\/\/www.segurosaegon.com\/canalmediadores\/2025\/11\/15\/entrevista-a-julian-vallejo-director-de-operaciones-de-aegon-en-espana\/\" \/>\n<meta property=\"og:locale\" content=\"es_ES\" \/>\n<meta property=\"og:type\" content=\"article\" \/>\n<meta property=\"og:title\" content=\"Entrevista a Juli\u00e1n Vallejo, director de Operaciones de Aegon en Espa\u00f1a - Canal Mediadores - Aegon Seguros de Vida y Salud\" \/>\n<meta property=\"og:description\" content=\"Hablamos con Juli\u00e1n Vallejo, director de Operaciones de Aegon en Espa\u00f1a, sobre la modernizaci\u00f3n de los procesos de gesti\u00f3n para la mediaci\u00f3n y la apuesta de la compa\u00f1\u00eda por iniciativas como el PUC o el SAM. En esta entrevista abordamos c\u00f3mo Aegon refuerza su compromiso con la cercan\u00eda y la eficiencia bajo su lema \u201cpersonas [&hellip;]\" \/>\n<meta property=\"og:url\" content=\"https:\/\/www.segurosaegon.com\/canalmediadores\/2025\/11\/15\/entrevista-a-julian-vallejo-director-de-operaciones-de-aegon-en-espana\/\" \/>\n<meta property=\"og:site_name\" content=\"Canal Mediadores - Aegon Seguros de Vida y Salud\" \/>\n<meta property=\"article:published_time\" content=\"2025-11-15T07:00:00+00:00\" \/>\n<meta property=\"og:image\" content=\"https:\/\/www.segurosaegon.com\/canalmediadores\/wp-content\/uploads\/sites\/40\/2025\/10\/JV-usar-esta.avif\" \/>\n\t<meta property=\"og:image:width\" content=\"2048\" \/>\n\t<meta property=\"og:image:height\" content=\"1531\" \/>\n\t<meta property=\"og:image:type\" content=\"image\/png\" \/>\n<meta name=\"twitter:card\" content=\"summary_large_image\" \/>\n<meta name=\"twitter:label1\" content=\"Tiempo de lectura\" \/>\n\t<meta name=\"twitter:data1\" content=\"5 minutos\" \/>\n<script type=\"application\/ld+json\" class=\"yoast-schema-graph\">{\"@context\":\"https:\\\/\\\/schema.org\",\"@graph\":[{\"@type\":\"Article\",\"@id\":\"https:\\\/\\\/www.segurosaegon.com\\\/canalmediadores\\\/2025\\\/11\\\/15\\\/entrevista-a-julian-vallejo-director-de-operaciones-de-aegon-en-espana\\\/#article\",\"isPartOf\":{\"@id\":\"https:\\\/\\\/www.segurosaegon.com\\\/canalmediadores\\\/2025\\\/11\\\/15\\\/entrevista-a-julian-vallejo-director-de-operaciones-de-aegon-en-espana\\\/\"},\"author\":{\"name\":\"\",\"@id\":\"\"},\"headline\":\"Entrevista a Juli\u00e1n Vallejo, director de Operaciones de Aegon en Espa\u00f1a\",\"datePublished\":\"2025-11-15T07:00:00+00:00\",\"mainEntityOfPage\":{\"@id\":\"https:\\\/\\\/www.segurosaegon.com\\\/canalmediadores\\\/2025\\\/11\\\/15\\\/entrevista-a-julian-vallejo-director-de-operaciones-de-aegon-en-espana\\\/\"},\"wordCount\":1132,\"commentCount\":0,\"publisher\":{\"@id\":\"https:\\\/\\\/www.segurosaegon.com\\\/canalmediadores\\\/#organization\"},\"image\":{\"@id\":\"https:\\\/\\\/www.segurosaegon.com\\\/canalmediadores\\\/2025\\\/11\\\/15\\\/entrevista-a-julian-vallejo-director-de-operaciones-de-aegon-en-espana\\\/#primaryimage\"},\"thumbnailUrl\":\"https:\\\/\\\/www.segurosaegon.com\\\/canalmediadores\\\/wp-content\\\/uploads\\\/sites\\\/40\\\/2025\\\/10\\\/JV-usar-esta.avif\",\"inLanguage\":\"es\",\"potentialAction\":[{\"@type\":\"CommentAction\",\"name\":\"Comment\",\"target\":[\"https:\\\/\\\/www.segurosaegon.com\\\/canalmediadores\\\/2025\\\/11\\\/15\\\/entrevista-a-julian-vallejo-director-de-operaciones-de-aegon-en-espana\\\/#respond\"]}]},{\"@type\":\"WebPage\",\"@id\":\"https:\\\/\\\/www.segurosaegon.com\\\/canalmediadores\\\/2025\\\/11\\\/15\\\/entrevista-a-julian-vallejo-director-de-operaciones-de-aegon-en-espana\\\/\",\"url\":\"https:\\\/\\\/www.segurosaegon.com\\\/canalmediadores\\\/2025\\\/11\\\/15\\\/entrevista-a-julian-vallejo-director-de-operaciones-de-aegon-en-espana\\\/\",\"name\":\"Entrevista a Juli\u00e1n Vallejo, director de Operaciones de Aegon en Espa\u00f1a - Canal Mediadores - Aegon Seguros de Vida y Salud\",\"isPartOf\":{\"@id\":\"https:\\\/\\\/www.segurosaegon.com\\\/canalmediadores\\\/#website\"},\"primaryImageOfPage\":{\"@id\":\"https:\\\/\\\/www.segurosaegon.com\\\/canalmediadores\\\/2025\\\/11\\\/15\\\/entrevista-a-julian-vallejo-director-de-operaciones-de-aegon-en-espana\\\/#primaryimage\"},\"image\":{\"@id\":\"https:\\\/\\\/www.segurosaegon.com\\\/canalmediadores\\\/2025\\\/11\\\/15\\\/entrevista-a-julian-vallejo-director-de-operaciones-de-aegon-en-espana\\\/#primaryimage\"},\"thumbnailUrl\":\"https:\\\/\\\/www.segurosaegon.com\\\/canalmediadores\\\/wp-content\\\/uploads\\\/sites\\\/40\\\/2025\\\/10\\\/JV-usar-esta.avif\",\"datePublished\":\"2025-11-15T07:00:00+00:00\",\"breadcrumb\":{\"@id\":\"https:\\\/\\\/www.segurosaegon.com\\\/canalmediadores\\\/2025\\\/11\\\/15\\\/entrevista-a-julian-vallejo-director-de-operaciones-de-aegon-en-espana\\\/#breadcrumb\"},\"inLanguage\":\"es\",\"potentialAction\":[{\"@type\":\"ReadAction\",\"target\":[\"https:\\\/\\\/www.segurosaegon.com\\\/canalmediadores\\\/2025\\\/11\\\/15\\\/entrevista-a-julian-vallejo-director-de-operaciones-de-aegon-en-espana\\\/\"]}]},{\"@type\":\"ImageObject\",\"inLanguage\":\"es\",\"@id\":\"https:\\\/\\\/www.segurosaegon.com\\\/canalmediadores\\\/2025\\\/11\\\/15\\\/entrevista-a-julian-vallejo-director-de-operaciones-de-aegon-en-espana\\\/#primaryimage\",\"url\":\"https:\\\/\\\/www.segurosaegon.com\\\/canalmediadores\\\/wp-content\\\/uploads\\\/sites\\\/40\\\/2025\\\/10\\\/JV-usar-esta.avif\",\"contentUrl\":\"https:\\\/\\\/www.segurosaegon.com\\\/canalmediadores\\\/wp-content\\\/uploads\\\/sites\\\/40\\\/2025\\\/10\\\/JV-usar-esta.avif\",\"width\":2048,\"height\":1531},{\"@type\":\"BreadcrumbList\",\"@id\":\"https:\\\/\\\/www.segurosaegon.com\\\/canalmediadores\\\/2025\\\/11\\\/15\\\/entrevista-a-julian-vallejo-director-de-operaciones-de-aegon-en-espana\\\/#breadcrumb\",\"itemListElement\":[{\"@type\":\"ListItem\",\"position\":1,\"name\":\"Portada\",\"item\":\"https:\\\/\\\/www.segurosaegon.com\\\/canalmediadores\\\/\"},{\"@type\":\"ListItem\",\"position\":2,\"name\":\"Entrevista a Juli\u00e1n Vallejo, director de Operaciones de Aegon en Espa\u00f1a\"}]},{\"@type\":\"WebSite\",\"@id\":\"https:\\\/\\\/www.segurosaegon.com\\\/canalmediadores\\\/#website\",\"url\":\"https:\\\/\\\/www.segurosaegon.com\\\/canalmediadores\\\/\",\"name\":\"Canal Mediadores - Aegon Seguros de Vida y Salud\",\"description\":\"\",\"publisher\":{\"@id\":\"https:\\\/\\\/www.segurosaegon.com\\\/canalmediadores\\\/#organization\"},\"potentialAction\":[{\"@type\":\"SearchAction\",\"target\":{\"@type\":\"EntryPoint\",\"urlTemplate\":\"https:\\\/\\\/www.segurosaegon.com\\\/canalmediadores\\\/?s={search_term_string}\"},\"query-input\":{\"@type\":\"PropertyValueSpecification\",\"valueRequired\":true,\"valueName\":\"search_term_string\"}}],\"inLanguage\":\"es\"},{\"@type\":\"Organization\",\"@id\":\"https:\\\/\\\/www.segurosaegon.com\\\/canalmediadores\\\/#organization\",\"name\":\"Canal Mediadores - Aegon Seguros de Vida y Salud\",\"url\":\"https:\\\/\\\/www.segurosaegon.com\\\/canalmediadores\\\/\",\"logo\":{\"@type\":\"ImageObject\",\"inLanguage\":\"es\",\"@id\":\"https:\\\/\\\/www.segurosaegon.com\\\/canalmediadores\\\/#\\\/schema\\\/logo\\\/image\\\/\",\"url\":\"https:\\\/\\\/www.segurosaegon.com\\\/canalmediadores\\\/wp-content\\\/uploads\\\/sites\\\/40\\\/2024\\\/06\\\/Aegon_Logo_2024_PEQv2.png\",\"contentUrl\":\"https:\\\/\\\/www.segurosaegon.com\\\/canalmediadores\\\/wp-content\\\/uploads\\\/sites\\\/40\\\/2024\\\/06\\\/Aegon_Logo_2024_PEQv2.png\",\"width\":147,\"height\":39,\"caption\":\"Canal Mediadores - Aegon Seguros de Vida y Salud\"},\"image\":{\"@id\":\"https:\\\/\\\/www.segurosaegon.com\\\/canalmediadores\\\/#\\\/schema\\\/logo\\\/image\\\/\"}}]}<\/script>\n<!-- \/ Yoast SEO plugin. -->","yoast_head_json":{"title":"Entrevista a Juli\u00e1n Vallejo, director de Operaciones de Aegon en Espa\u00f1a - Canal Mediadores - Aegon Seguros de Vida y Salud","robots":{"index":"index","follow":"follow","max-snippet":"max-snippet:-1","max-image-preview":"max-image-preview:large","max-video-preview":"max-video-preview:-1"},"canonical":"https:\/\/www.segurosaegon.com\/canalmediadores\/2025\/11\/15\/entrevista-a-julian-vallejo-director-de-operaciones-de-aegon-en-espana\/","og_locale":"es_ES","og_type":"article","og_title":"Entrevista a Juli\u00e1n Vallejo, director de Operaciones de Aegon en Espa\u00f1a - Canal Mediadores - Aegon Seguros de Vida y Salud","og_description":"Hablamos con Juli\u00e1n Vallejo, director de Operaciones de Aegon en Espa\u00f1a, sobre la modernizaci\u00f3n de los procesos de gesti\u00f3n para la mediaci\u00f3n y la apuesta de la compa\u00f1\u00eda por iniciativas como el PUC o el SAM. En esta entrevista abordamos c\u00f3mo Aegon refuerza su compromiso con la cercan\u00eda y la eficiencia bajo su lema \u201cpersonas [&hellip;]","og_url":"https:\/\/www.segurosaegon.com\/canalmediadores\/2025\/11\/15\/entrevista-a-julian-vallejo-director-de-operaciones-de-aegon-en-espana\/","og_site_name":"Canal Mediadores - Aegon Seguros de Vida y Salud","article_published_time":"2025-11-15T07:00:00+00:00","og_image":[{"width":2048,"height":1531,"url":"https:\/\/www.segurosaegon.com\/canalmediadores\/wp-content\/uploads\/sites\/40\/2025\/10\/JV-usar-esta.avif","type":"image\/png"}],"twitter_card":"summary_large_image","twitter_misc":{"Tiempo de lectura":"5 minutos"},"schema":{"@context":"https:\/\/schema.org","@graph":[{"@type":"Article","@id":"https:\/\/www.segurosaegon.com\/canalmediadores\/2025\/11\/15\/entrevista-a-julian-vallejo-director-de-operaciones-de-aegon-en-espana\/#article","isPartOf":{"@id":"https:\/\/www.segurosaegon.com\/canalmediadores\/2025\/11\/15\/entrevista-a-julian-vallejo-director-de-operaciones-de-aegon-en-espana\/"},"author":{"name":"","@id":""},"headline":"Entrevista a Juli\u00e1n Vallejo, director de Operaciones de Aegon en Espa\u00f1a","datePublished":"2025-11-15T07:00:00+00:00","mainEntityOfPage":{"@id":"https:\/\/www.segurosaegon.com\/canalmediadores\/2025\/11\/15\/entrevista-a-julian-vallejo-director-de-operaciones-de-aegon-en-espana\/"},"wordCount":1132,"commentCount":0,"publisher":{"@id":"https:\/\/www.segurosaegon.com\/canalmediadores\/#organization"},"image":{"@id":"https:\/\/www.segurosaegon.com\/canalmediadores\/2025\/11\/15\/entrevista-a-julian-vallejo-director-de-operaciones-de-aegon-en-espana\/#primaryimage"},"thumbnailUrl":"https:\/\/www.segurosaegon.com\/canalmediadores\/wp-content\/uploads\/sites\/40\/2025\/10\/JV-usar-esta.avif","inLanguage":"es","potentialAction":[{"@type":"CommentAction","name":"Comment","target":["https:\/\/www.segurosaegon.com\/canalmediadores\/2025\/11\/15\/entrevista-a-julian-vallejo-director-de-operaciones-de-aegon-en-espana\/#respond"]}]},{"@type":"WebPage","@id":"https:\/\/www.segurosaegon.com\/canalmediadores\/2025\/11\/15\/entrevista-a-julian-vallejo-director-de-operaciones-de-aegon-en-espana\/","url":"https:\/\/www.segurosaegon.com\/canalmediadores\/2025\/11\/15\/entrevista-a-julian-vallejo-director-de-operaciones-de-aegon-en-espana\/","name":"Entrevista a Juli\u00e1n Vallejo, director de Operaciones de Aegon en Espa\u00f1a - Canal Mediadores - Aegon Seguros de Vida y Salud","isPartOf":{"@id":"https:\/\/www.segurosaegon.com\/canalmediadores\/#website"},"primaryImageOfPage":{"@id":"https:\/\/www.segurosaegon.com\/canalmediadores\/2025\/11\/15\/entrevista-a-julian-vallejo-director-de-operaciones-de-aegon-en-espana\/#primaryimage"},"image":{"@id":"https:\/\/www.segurosaegon.com\/canalmediadores\/2025\/11\/15\/entrevista-a-julian-vallejo-director-de-operaciones-de-aegon-en-espana\/#primaryimage"},"thumbnailUrl":"https:\/\/www.segurosaegon.com\/canalmediadores\/wp-content\/uploads\/sites\/40\/2025\/10\/JV-usar-esta.avif","datePublished":"2025-11-15T07:00:00+00:00","breadcrumb":{"@id":"https:\/\/www.segurosaegon.com\/canalmediadores\/2025\/11\/15\/entrevista-a-julian-vallejo-director-de-operaciones-de-aegon-en-espana\/#breadcrumb"},"inLanguage":"es","potentialAction":[{"@type":"ReadAction","target":["https:\/\/www.segurosaegon.com\/canalmediadores\/2025\/11\/15\/entrevista-a-julian-vallejo-director-de-operaciones-de-aegon-en-espana\/"]}]},{"@type":"ImageObject","inLanguage":"es","@id":"https:\/\/www.segurosaegon.com\/canalmediadores\/2025\/11\/15\/entrevista-a-julian-vallejo-director-de-operaciones-de-aegon-en-espana\/#primaryimage","url":"https:\/\/www.segurosaegon.com\/canalmediadores\/wp-content\/uploads\/sites\/40\/2025\/10\/JV-usar-esta.avif","contentUrl":"https:\/\/www.segurosaegon.com\/canalmediadores\/wp-content\/uploads\/sites\/40\/2025\/10\/JV-usar-esta.avif","width":2048,"height":1531},{"@type":"BreadcrumbList","@id":"https:\/\/www.segurosaegon.com\/canalmediadores\/2025\/11\/15\/entrevista-a-julian-vallejo-director-de-operaciones-de-aegon-en-espana\/#breadcrumb","itemListElement":[{"@type":"ListItem","position":1,"name":"Portada","item":"https:\/\/www.segurosaegon.com\/canalmediadores\/"},{"@type":"ListItem","position":2,"name":"Entrevista a Juli\u00e1n Vallejo, director de Operaciones de Aegon en Espa\u00f1a"}]},{"@type":"WebSite","@id":"https:\/\/www.segurosaegon.com\/canalmediadores\/#website","url":"https:\/\/www.segurosaegon.com\/canalmediadores\/","name":"Canal Mediadores - Aegon Seguros de Vida y Salud","description":"","publisher":{"@id":"https:\/\/www.segurosaegon.com\/canalmediadores\/#organization"},"potentialAction":[{"@type":"SearchAction","target":{"@type":"EntryPoint","urlTemplate":"https:\/\/www.segurosaegon.com\/canalmediadores\/?s={search_term_string}"},"query-input":{"@type":"PropertyValueSpecification","valueRequired":true,"valueName":"search_term_string"}}],"inLanguage":"es"},{"@type":"Organization","@id":"https:\/\/www.segurosaegon.com\/canalmediadores\/#organization","name":"Canal Mediadores - Aegon Seguros de Vida y Salud","url":"https:\/\/www.segurosaegon.com\/canalmediadores\/","logo":{"@type":"ImageObject","inLanguage":"es","@id":"https:\/\/www.segurosaegon.com\/canalmediadores\/#\/schema\/logo\/image\/","url":"https:\/\/www.segurosaegon.com\/canalmediadores\/wp-content\/uploads\/sites\/40\/2024\/06\/Aegon_Logo_2024_PEQv2.png","contentUrl":"https:\/\/www.segurosaegon.com\/canalmediadores\/wp-content\/uploads\/sites\/40\/2024\/06\/Aegon_Logo_2024_PEQv2.png","width":147,"height":39,"caption":"Canal Mediadores - Aegon Seguros de Vida y Salud"},"image":{"@id":"https:\/\/www.segurosaegon.com\/canalmediadores\/#\/schema\/logo\/image\/"}}]}},"_links":{"self":[{"href":"https:\/\/www.segurosaegon.com\/canalmediadores\/wp-json\/wp\/v2\/posts\/5988","targetHints":{"allow":["GET"]}}],"collection":[{"href":"https:\/\/www.segurosaegon.com\/canalmediadores\/wp-json\/wp\/v2\/posts"}],"about":[{"href":"https:\/\/www.segurosaegon.com\/canalmediadores\/wp-json\/wp\/v2\/types\/post"}],"replies":[{"embeddable":true,"href":"https:\/\/www.segurosaegon.com\/canalmediadores\/wp-json\/wp\/v2\/comments?post=5988"}],"version-history":[{"count":1,"href":"https:\/\/www.segurosaegon.com\/canalmediadores\/wp-json\/wp\/v2\/posts\/5988\/revisions"}],"predecessor-version":[{"id":5990,"href":"https:\/\/www.segurosaegon.com\/canalmediadores\/wp-json\/wp\/v2\/posts\/5988\/revisions\/5990"}],"wp:featuredmedia":[{"embeddable":true,"href":"https:\/\/www.segurosaegon.com\/canalmediadores\/wp-json\/wp\/v2\/media\/5989"}],"wp:attachment":[{"href":"https:\/\/www.segurosaegon.com\/canalmediadores\/wp-json\/wp\/v2\/media?parent=5988"}],"wp:term":[{"taxonomy":"category","embeddable":true,"href":"https:\/\/www.segurosaegon.com\/canalmediadores\/wp-json\/wp\/v2\/categories?post=5988"},{"taxonomy":"post_tag","embeddable":true,"href":"https:\/\/www.segurosaegon.com\/canalmediadores\/wp-json\/wp\/v2\/tags?post=5988"}],"curies":[{"name":"wp","href":"https:\/\/api.w.org\/{rel}","templated":true}]}}